{"id":15791,"date":"2022-08-08T10:08:51","date_gmt":"2022-08-08T13:08:51","guid":{"rendered":"https:\/\/centrosabia.org.br\/2022\/08\/08\/surubim-agroecological-fair-strengthens-family-farming-in-pernambucos-northern-agreste-region\/"},"modified":"2023-12-07T11:02:43","modified_gmt":"2023-12-07T14:02:43","slug":"surubim-agroecological-fair-strengthens-family-farming-in-pernambucos-northern-agreste-region","status":"publish","type":"post","link":"https:\/\/centrosabia.org.br\/en\/2022\/08\/08\/surubim-agroecological-fair-strengthens-family-farming-in-pernambucos-northern-agreste-region\/","title":{"rendered":"Surubim Agroecological Fair strengthens family farming in Pernambuco&#8217;s northern Agreste region"},"content":{"rendered":"\n<p><strong>Cec\u00edlia Figueiredo and Darliton Silva<\/strong>, popular communicator from the Sabi\u00e1 Center<\/p>\n\n<p>The Surubim Agroecological Fair<span style=\"color: var(--theme-palette-color-2, #adac22);\" class=\"stk-highlight\"> (FAS)<\/span><span style=\"color: var(--theme-palette-color-1, #ff4400);\" class=\"stk-highlight\"> <\/span>is the meeting point between farming families and consumers looking for fresh food produced without poison in neighboring municipalities. The bonds established through the marketing of food build a relationship of trust between producers and consumers, strengthening family farming in the region. Let&#8217;s learn about the work of Doraci and Jurandir, who bring their cheeses and butters directly from the municipality of Vertente do L\u00e9rio to the FAS, an experience that shows that the direct sale of products has made it possible to expand production and improve this family&#8217;s quality of life.<\/p>\n\n<p>Early in the morning, the buzz starts in Pra\u00e7a Estef\u00e2nia, in the center of Surubim. The stalls have been set up since 6am and the farming families are already welcoming their first customers. It&#8217;s important to arrive early to guarantee the best products from neighboring towns. The farming families bring a wide variety of fresh fruit, pulp, vegetables, cheeses, sweets, honey and eggs to sell.<\/p>\n\n<p>According to Roseilda Couto, Surubim&#8217;s Director of the Environment, the fair is very important for the municipality and for farmers, as it promotes the autonomy of families and is a motivating factor for them to continue planting and ensuring that fresh, healthy food reaches consumers directly at a price that is fair to those who buy and also to those who produce. Rose also points out that even though there are only farmers from other municipalities, the fair promotes a virtuous circulation of resources: &#8220;Today there are farmers from neighboring municipalities who manage to diversify their production and make this generation of income circulate not only in the municipality where it comes from, but also in the municipality of Surubim, and this income contributes to the territory as a whole.&#8221; The Surubim Agroecological Fair is therefore a hub for generating income and quality of life for consumers and producers, but also for the whole municipality.<\/p>\n\n<div class=\"wp-block-stackable-subtitle stk-block-subtitle stk-block stk-35b64f0\" data-block-id=\"35b64f0\"><style>.stk-35b64f0{margin-bottom:23px !important}.stk-35b64f0 .stk-block-subtitle__text{font-size:28px !important;color:var(--theme-palette-color-2,#adac22) !important}@media screen and (max-width:1023px){.stk-35b64f0 .stk-block-subtitle__text{font-size:28px !important}}<\/style><p class=\"stk-block-subtitle__text stk-subtitle has-text-color has-palette-color-2-color\">FAS in pictures and stories<\/p><\/div>\n\n<p>Photographs by Ana Mendes and Darliton Silva show the wealth that circulates at the Surubim Agroecological Fair and how this space strengthens farming families in a virtuous circle of income generation, work valorization and territorial integration.<\/p>\n\n<figure class=\"wp-block-image size-large\"><img loading=\"lazy\" decoding=\"async\" width=\"1024\" height=\"683\" src=\"https:\/\/centrosabia.org.br\/wp-content\/uploads\/2022\/08\/Copia-de-Fotoreportagem_7_Credito_Ana_Mendes_Acervo_Centro_Sabia-1024x683.jpg\" alt=\"\" class=\"wp-image-9315\" srcset=\"https:\/\/centrosabia.org.br\/wp-content\/uploads\/2022\/08\/Copia-de-Fotoreportagem_7_Credito_Ana_Mendes_Acervo_Centro_Sabia-1024x683.jpg 1024w, https:\/\/centrosabia.org.br\/wp-content\/uploads\/2022\/08\/Copia-de-Fotoreportagem_7_Credito_Ana_Mendes_Acervo_Centro_Sabia-300x200.jpg 300w, https:\/\/centrosabia.org.br\/wp-content\/uploads\/2022\/08\/Copia-de-Fotoreportagem_7_Credito_Ana_Mendes_Acervo_Centro_Sabia-768x512.jpg 768w, https:\/\/centrosabia.org.br\/wp-content\/uploads\/2022\/08\/Copia-de-Fotoreportagem_7_Credito_Ana_Mendes_Acervo_Centro_Sabia-1536x1024.jpg 1536w, https:\/\/centrosabia.org.br\/wp-content\/uploads\/2022\/08\/Copia-de-Fotoreportagem_7_Credito_Ana_Mendes_Acervo_Centro_Sabia-2048x1366.jpg 2048w\" sizes=\"auto, (max-width: 1024px) 100vw, 1024px\" \/><figcaption>Ana Mendes \/ Sabi\u00e1 Center Collection<\/figcaption><\/figure>\n\n<p>The Surubim Agroecological Fair has existed since 2019 and arose from a political and organizational process that gave farming families more autonomy and created the conditions both to manage the space and to secure a partnership with the municipal administration. The fair is run by a collective made up of families who meet once a month and have the support of organizations such as Centro Sabi\u00e1 and the  <a href=\"https:\/\/www.agroflor.com.br\/\" target=\"_blank\" rel=\"noreferrer noopener\">Agroflor<\/a>In addition to Surubim City Hall, the Pernambuco State Secretariat for Agrarian Development, Banco do Nordeste, the Small Farmers&#8217; Movement and trade unions.<\/p>\n\n<figure class=\"wp-block-image size-large\"><img loading=\"lazy\" decoding=\"async\" width=\"1024\" height=\"683\" src=\"https:\/\/centrosabia.org.br\/wp-content\/uploads\/2022\/08\/Copia-de-Fotoreportagem_2_Credito_Ana_Mendes_Acervo_Centro_Sabia-1024x683.jpg\" alt=\"\" class=\"wp-image-9318\" srcset=\"https:\/\/centrosabia.org.br\/wp-content\/uploads\/2022\/08\/Copia-de-Fotoreportagem_2_Credito_Ana_Mendes_Acervo_Centro_Sabia-1024x683.jpg 1024w, https:\/\/centrosabia.org.br\/wp-content\/uploads\/2022\/08\/Copia-de-Fotoreportagem_2_Credito_Ana_Mendes_Acervo_Centro_Sabia-300x200.jpg 300w, https:\/\/centrosabia.org.br\/wp-content\/uploads\/2022\/08\/Copia-de-Fotoreportagem_2_Credito_Ana_Mendes_Acervo_Centro_Sabia-768x512.jpg 768w, https:\/\/centrosabia.org.br\/wp-content\/uploads\/2022\/08\/Copia-de-Fotoreportagem_2_Credito_Ana_Mendes_Acervo_Centro_Sabia-1536x1024.jpg 1536w, https:\/\/centrosabia.org.br\/wp-content\/uploads\/2022\/08\/Copia-de-Fotoreportagem_2_Credito_Ana_Mendes_Acervo_Centro_Sabia-2048x1366.jpg 2048w\" sizes=\"auto, (max-width: 1024px) 100vw, 1024px\" \/><figcaption>Ana Mendes \/ Sabi\u00e1 Center Collection<\/figcaption><\/figure>\n\n<p>The direct sale of food at the fair strengthens relations between consumers and farming families, contributes to income generation and improves quality of life, as well as bringing the importance of consuming poison-free products to the center of the debate. The food sold at FAS is brought in from various municipalities that are part of the Agreste Setentrional Rural Territory in Pernambuco, in which Surubim is an important hub, but which is also made up of 15 other municipalities: Bom Jardim, Casinhas, Cumaru, Feira Nova, Frei Miguelinho, Jo\u00e3o Alfredo, Limoeiro, Machados, Orob\u00f3, Passira, Salgadinho, Santa Maria do Cambuc\u00e1, S\u00e3o Vicente Ferrer, Vertente do L\u00e9rio and Vertentes. Women&#8217;s participation in the fair is higher than men&#8217;s. They are also community leaders, make decisions, generate income, are autonomous and promote good living.<\/p>\n\n<figure class=\"wp-block-image size-large\"><img loading=\"lazy\" decoding=\"async\" width=\"1024\" height=\"683\" src=\"https:\/\/centrosabia.org.br\/wp-content\/uploads\/2022\/08\/Copia-de-Fotoreportagem_4_Credito_Ana_Mendes_Acervo_Centro_Sabia-1024x683.jpg\" alt=\"\" class=\"wp-image-9323\" srcset=\"https:\/\/centrosabia.org.br\/wp-content\/uploads\/2022\/08\/Copia-de-Fotoreportagem_4_Credito_Ana_Mendes_Acervo_Centro_Sabia-1024x683.jpg 1024w, https:\/\/centrosabia.org.br\/wp-content\/uploads\/2022\/08\/Copia-de-Fotoreportagem_4_Credito_Ana_Mendes_Acervo_Centro_Sabia-300x200.jpg 300w, https:\/\/centrosabia.org.br\/wp-content\/uploads\/2022\/08\/Copia-de-Fotoreportagem_4_Credito_Ana_Mendes_Acervo_Centro_Sabia-768x512.jpg 768w, https:\/\/centrosabia.org.br\/wp-content\/uploads\/2022\/08\/Copia-de-Fotoreportagem_4_Credito_Ana_Mendes_Acervo_Centro_Sabia-1536x1024.jpg 1536w, https:\/\/centrosabia.org.br\/wp-content\/uploads\/2022\/08\/Copia-de-Fotoreportagem_4_Credito_Ana_Mendes_Acervo_Centro_Sabia-2048x1366.jpg 2048w\" sizes=\"auto, (max-width: 1024px) 100vw, 1024px\" \/><figcaption>Ana Mendes \/ Sabi\u00e1 Center Collection<\/figcaption><\/figure>\n\n<p>Since the beginning of the pandemic, farming families who work at the fair have received protection and hygiene material and guidance from the Centro Sabi\u00e1 team on health precautions to avoid contamination and the spread of the new Corona Virus. Solidarity is one of the values that stands out in the relationship between farming families and the people who attend the fair. It&#8217;s not just about buying and selling products, but also about a relationship of trust and mutual support that gives the fair a pleasant atmosphere to share.<\/p>\n\n<div class=\"wp-block-stackable-subtitle stk-block-subtitle stk-block stk-9d2e4d4\" data-block-id=\"9d2e4d4\"><style>.stk-9d2e4d4{margin-bottom:23px !important}.stk-9d2e4d4 .stk-block-subtitle__text{font-size:28px !important;color:var(--theme-palette-color-2,#adac22) !important;line-height:1.2em !important}@media screen and (max-width:1023px){.stk-9d2e4d4 .stk-block-subtitle__text{font-size:28px !important}}<\/style><p class=\"stk-block-subtitle__text stk-subtitle has-text-color has-palette-color-2-color\">From the farm to the market, from the market to the farm: the story of Doraci and Jurandir&#8217;s cheeses<\/p><\/div>\n\n<p>Doraci and Jurandir&#8217;s stall has products that consumers don&#8217;t miss at home. Queijo coalho, queijo manteiga, queijo temperado, requeij\u00e3o and the butters from bottles and batida are produced with great care by the family and are a hit at the Surubim Fair. Jurandir goes to the market with his eldest son while Doraci takes care of the delicate process of fermenting and maturing the cheeses on the farm in the community of Alto do Ros\u00e1rio in Vertente do L\u00e9rio.<\/p>\n\n<figure class=\"wp-block-image size-large\"><img loading=\"lazy\" decoding=\"async\" width=\"1024\" height=\"683\" src=\"https:\/\/centrosabia.org.br\/wp-content\/uploads\/2022\/08\/Copia-de-Fotoreportagem_6_Credito_Ana_Mendes_Acervo_Centro_Sabia-1024x683.jpg\" alt=\"\" class=\"wp-image-9326\" srcset=\"https:\/\/centrosabia.org.br\/wp-content\/uploads\/2022\/08\/Copia-de-Fotoreportagem_6_Credito_Ana_Mendes_Acervo_Centro_Sabia-1024x683.jpg 1024w, https:\/\/centrosabia.org.br\/wp-content\/uploads\/2022\/08\/Copia-de-Fotoreportagem_6_Credito_Ana_Mendes_Acervo_Centro_Sabia-300x200.jpg 300w, https:\/\/centrosabia.org.br\/wp-content\/uploads\/2022\/08\/Copia-de-Fotoreportagem_6_Credito_Ana_Mendes_Acervo_Centro_Sabia-768x512.jpg 768w, https:\/\/centrosabia.org.br\/wp-content\/uploads\/2022\/08\/Copia-de-Fotoreportagem_6_Credito_Ana_Mendes_Acervo_Centro_Sabia-1536x1024.jpg 1536w, https:\/\/centrosabia.org.br\/wp-content\/uploads\/2022\/08\/Copia-de-Fotoreportagem_6_Credito_Ana_Mendes_Acervo_Centro_Sabia-2048x1366.jpg 2048w\" sizes=\"auto, (max-width: 1024px) 100vw, 1024px\" \/><figcaption>Ana Mendes \/ Sabi\u00e1 Center Collection<\/figcaption><\/figure>\n\n<p>The Surubim Agroecological Fair is the result of a collective action involving various institutions, both in terms of technical assistance to farmers and in ensuring the structure of the marketing space with stalls, chairs, identification banners, thermal boxes and visual identity materials such as labels for the products sold by Jurandir.<\/p>\n\n<figure class=\"wp-block-image size-large\"><img loading=\"lazy\" decoding=\"async\" width=\"1024\" height=\"681\" src=\"https:\/\/centrosabia.org.br\/wp-content\/uploads\/2022\/08\/Foto_Darliton_Silva_Acervo_Centro_Sabia-12-1024x681.jpg\" alt=\"\" class=\"wp-image-9329\" srcset=\"https:\/\/centrosabia.org.br\/wp-content\/uploads\/2022\/08\/Foto_Darliton_Silva_Acervo_Centro_Sabia-12-1024x681.jpg 1024w, https:\/\/centrosabia.org.br\/wp-content\/uploads\/2022\/08\/Foto_Darliton_Silva_Acervo_Centro_Sabia-12-300x199.jpg 300w, https:\/\/centrosabia.org.br\/wp-content\/uploads\/2022\/08\/Foto_Darliton_Silva_Acervo_Centro_Sabia-12-768x511.jpg 768w, https:\/\/centrosabia.org.br\/wp-content\/uploads\/2022\/08\/Foto_Darliton_Silva_Acervo_Centro_Sabia-12-1536x1021.jpg 1536w, https:\/\/centrosabia.org.br\/wp-content\/uploads\/2022\/08\/Foto_Darliton_Silva_Acervo_Centro_Sabia-12-2048x1362.jpg 2048w\" sizes=\"auto, (max-width: 1024px) 100vw, 1024px\" \/><figcaption>Darliton Silva \/ Sabi\u00e1 Center Collection<\/figcaption><\/figure>\n\n<p>Doraci and Jurandir&#8217;s main source of income is products made from cow&#8217;s milk. Doraci has been raising cattle and producing cheese for sale for more than 10 years and sees the fair as a place to showcase her products. &#8220;Before, we made a quality product, but we sold it cheaply because we didn&#8217;t know the value of a homemade, natural product,&#8221; says Doraci.<\/p>\n\n<figure class=\"wp-block-image size-large\"><img loading=\"lazy\" decoding=\"async\" width=\"1024\" height=\"681\" src=\"https:\/\/centrosabia.org.br\/wp-content\/uploads\/2022\/08\/Foto_Darliton_Silva_Acervo_Centro_Sabia-8-1024x681.jpg\" alt=\"\" class=\"wp-image-9332\" srcset=\"https:\/\/centrosabia.org.br\/wp-content\/uploads\/2022\/08\/Foto_Darliton_Silva_Acervo_Centro_Sabia-8-1024x681.jpg 1024w, https:\/\/centrosabia.org.br\/wp-content\/uploads\/2022\/08\/Foto_Darliton_Silva_Acervo_Centro_Sabia-8-300x199.jpg 300w, https:\/\/centrosabia.org.br\/wp-content\/uploads\/2022\/08\/Foto_Darliton_Silva_Acervo_Centro_Sabia-8-768x511.jpg 768w, https:\/\/centrosabia.org.br\/wp-content\/uploads\/2022\/08\/Foto_Darliton_Silva_Acervo_Centro_Sabia-8-1536x1021.jpg 1536w, https:\/\/centrosabia.org.br\/wp-content\/uploads\/2022\/08\/Foto_Darliton_Silva_Acervo_Centro_Sabia-8-2048x1362.jpg 2048w\" sizes=\"auto, (max-width: 1024px) 100vw, 1024px\" \/><figcaption>Darliton Silva \/ Sabi\u00e1 Center Collection<\/figcaption><\/figure>\n\n<p>The technical assistance provided by the Sabi\u00e1 Center helped improve cheese production, as it brought new knowledge about caring for the animals and the property. Doraci notes that the quality of the milk has changed a lot with the improvements the family has made to the animals&#8217; feed, especially with their own production of mineral salt and more protein-rich silage. In addition, the family has invested in reforesting the property and incorporating various agroecological soil care practices. The changes are celebrated by Doraci and are reflected in the quality of the product and also in the family&#8217;s life.<\/p>\n\n<figure class=\"wp-block-image size-large is-resized\"><img loading=\"lazy\" decoding=\"async\" src=\"https:\/\/centrosabia.org.br\/wp-content\/uploads\/2022\/08\/Foto_Darliton_Silva_Acervo_Centro_Sabia-6-1024x681.jpg\" alt=\"\" class=\"wp-image-9335\" width=\"750\" height=\"498\" srcset=\"https:\/\/centrosabia.org.br\/wp-content\/uploads\/2022\/08\/Foto_Darliton_Silva_Acervo_Centro_Sabia-6-1024x681.jpg 1024w, https:\/\/centrosabia.org.br\/wp-content\/uploads\/2022\/08\/Foto_Darliton_Silva_Acervo_Centro_Sabia-6-300x199.jpg 300w, https:\/\/centrosabia.org.br\/wp-content\/uploads\/2022\/08\/Foto_Darliton_Silva_Acervo_Centro_Sabia-6-768x511.jpg 768w, https:\/\/centrosabia.org.br\/wp-content\/uploads\/2022\/08\/Foto_Darliton_Silva_Acervo_Centro_Sabia-6-1536x1021.jpg 1536w, https:\/\/centrosabia.org.br\/wp-content\/uploads\/2022\/08\/Foto_Darliton_Silva_Acervo_Centro_Sabia-6-2048x1362.jpg 2048w\" sizes=\"auto, (max-width: 750px) 100vw, 750px\" \/><figcaption>Darliton Silva \/ Sabi\u00e1 Center Collection<\/figcaption><\/figure>\n\n<p>&#8220;The suffering of carrying a can of water on my head is over.&#8221; Doraci also points out that the rainwater storage cistern helps a lot in guaranteeing the quality of her products and has greatly improved her family&#8217;s life. The clean water from the cistern makes life easier for the women, who have more time to dedicate to work that generates pleasure and income.  <\/p>\n\n<figure class=\"wp-block-image size-large\"><img loading=\"lazy\" decoding=\"async\" width=\"1024\" height=\"681\" src=\"https:\/\/centrosabia.org.br\/wp-content\/uploads\/2022\/08\/Foto_Darliton_Silva_Acervo_Centro_Sabia-14-1024x681.jpg\" alt=\"\" class=\"wp-image-9338\" srcset=\"https:\/\/centrosabia.org.br\/wp-content\/uploads\/2022\/08\/Foto_Darliton_Silva_Acervo_Centro_Sabia-14-1024x681.jpg 1024w, https:\/\/centrosabia.org.br\/wp-content\/uploads\/2022\/08\/Foto_Darliton_Silva_Acervo_Centro_Sabia-14-300x199.jpg 300w, https:\/\/centrosabia.org.br\/wp-content\/uploads\/2022\/08\/Foto_Darliton_Silva_Acervo_Centro_Sabia-14-768x511.jpg 768w, https:\/\/centrosabia.org.br\/wp-content\/uploads\/2022\/08\/Foto_Darliton_Silva_Acervo_Centro_Sabia-14-1536x1021.jpg 1536w, https:\/\/centrosabia.org.br\/wp-content\/uploads\/2022\/08\/Foto_Darliton_Silva_Acervo_Centro_Sabia-14-2048x1362.jpg 2048w\" sizes=\"auto, (max-width: 1024px) 100vw, 1024px\" \/><figcaption>Darliton Silva \/ Sabi\u00e1 Center Collection<\/figcaption><\/figure>\n\n<p>With a greater variety of products, the family&#8217;s income has increased in recent years. In addition to the Surubim Agroecological Fair, Doraci and Jurandir sell their cheeses and butters at the Agroecoloja in Recife. A study carried out by the Sabi\u00e1 Center showed that sales at these markets contributed to a 90% increase in the family&#8217;s income. This increase in income enabled the couple to invest, in 2021, in building a small cheese factory with more structure for food production. Doraci says that the variety of products has had a direct impact on the increase in sales, which brings her enormous satisfaction and makes her want to work harder and produce more and more. &#8220;We&#8217;re at the fair to bring healthy, natural food to consumers.&#8221;<\/p>\n\n<p class=\"has-medium-font-size\"><span style=\"color: var(--theme-palette-color-2, #adac22);\" class=\"stk-highlight\">This photo report is a publication of the Northeast Agroecology Ater Network and was produced by the Sabi\u00e1 Agroecological Development Center.<\/span><\/p>\n\n<p><a href=\"https:\/\/redeaternordestedeagroecologia.wordpress.com\/\" data-type=\"URL\" data-id=\"https:\/\/redeaternordestedeagroecologia.wordpress.com\/\" target=\"_blank\" rel=\"noreferrer noopener\">Visit the Northeast Ater Network Blog and check out other stories told through photoreports!<\/a><\/p>\n\n<p><a href=\"https:\/\/drive.google.com\/file\/d\/1c-spnchSwyJUJvkfk-iGwm30HSKSK6AA\/view\" data-type=\"URL\" data-id=\"https:\/\/drive.google.com\/file\/d\/1c-spnchSwyJUJvkfk-iGwm30HSKSK6AA\/view\" target=\"_blank\" rel=\"noreferrer noopener\">You can also download the article, click here!  <\/a><\/p>\n","protected":false},"excerpt":{"rendered":"","protected":false},"author":6,"featured_media":9319,"comment_status":"open","ping_status":"open","sticky":false,"template":"","format":"standard","meta":{"_acf_changed":false,"ano":0,"footnotes":""},"categories":[217],"tags":[1573,2249,470,2250,260,2251,271,2252],"class_list":["post-15791","post","type-post","status-publish","format-standard","has-post-thumbnail","hentry","category-news","tag-agreste-de-pernambuco-en","tag-agroecological-agriculture","tag-agroecological-fair","tag-agroecological-family-farming","tag-agroecology","tag-cheese","tag-family-farming","tag-surubim-en"],"blocksy_meta":{"styles_descriptor":{"styles":{"desktop":"","tablet":"","mobile":""},"google_fonts":[],"version":6}},"acf":[],"yoast_head":"<!-- This site is optimized with the Yoast SEO plugin v27.4 - https:\/\/yoast.com\/product\/yoast-seo-wordpress\/ -->\n<title>Surubim Agroecological Fair strengthens family farming in Pernambuco&#039;s northern Agreste region - Centro de Desenvolvimento Agroecol\u00f3gico Sabi\u00e1<\/title>\n<meta name=\"robots\" content=\"index, follow, max-snippet:-1, max-image-preview:large, max-video-preview:-1\" \/>\n<link rel=\"canonical\" href=\"https:\/\/centrosabia.org.br\/en\/2022\/08\/08\/surubim-agroecological-fair-strengthens-family-farming-in-pernambucos-northern-agreste-region\/\" \/>\n<meta property=\"og:locale\" content=\"en_US\" \/>\n<meta property=\"og:type\" content=\"article\" \/>\n<meta property=\"og:title\" content=\"Surubim Agroecological Fair strengthens family farming in Pernambuco&#039;s northern Agreste region - Centro de Desenvolvimento Agroecol\u00f3gico Sabi\u00e1\" \/>\n<meta property=\"og:url\" content=\"https:\/\/centrosabia.org.br\/en\/2022\/08\/08\/surubim-agroecological-fair-strengthens-family-farming-in-pernambucos-northern-agreste-region\/\" \/>\n<meta property=\"og:site_name\" content=\"Centro de Desenvolvimento Agroecol\u00f3gico Sabi\u00e1\" \/>\n<meta property=\"article:published_time\" content=\"2022-08-08T13:08:51+00:00\" \/>\n<meta property=\"article:modified_time\" content=\"2023-12-07T14:02:43+00:00\" \/>\n<meta property=\"og:image\" content=\"https:\/\/centrosabia.org.br\/wp-content\/uploads\/2022\/08\/Copia-de-Fotoreportagem_2_Credito_Ana_Mendes_Acervo_Centro_Sabia-300x200.jpg\" \/>\n\t<meta property=\"og:image:width\" content=\"300\" \/>\n\t<meta property=\"og:image:height\" content=\"200\" \/>\n\t<meta property=\"og:image:type\" content=\"image\/jpeg\" \/>\n<meta name=\"author\" content=\"B\u00e1rbara Bittencourt\" \/>\n<meta name=\"twitter:card\" content=\"summary_large_image\" \/>\n<meta name=\"twitter:label1\" content=\"Written by\" \/>\n\t<meta name=\"twitter:data1\" content=\"B\u00e1rbara Bittencourt\" \/>\n\t<meta name=\"twitter:label2\" content=\"Est. reading time\" \/>\n\t<meta name=\"twitter:data2\" content=\"6 minutes\" \/>\n<script type=\"application\/ld+json\" class=\"yoast-schema-graph\">{\"@context\":\"https:\\\/\\\/schema.org\",\"@graph\":[{\"@type\":\"Article\",\"@id\":\"https:\\\/\\\/centrosabia.org.br\\\/en\\\/2022\\\/08\\\/08\\\/surubim-agroecological-fair-strengthens-family-farming-in-pernambucos-northern-agreste-region\\\/#article\",\"isPartOf\":{\"@id\":\"https:\\\/\\\/centrosabia.org.br\\\/en\\\/2022\\\/08\\\/08\\\/surubim-agroecological-fair-strengthens-family-farming-in-pernambucos-northern-agreste-region\\\/\"},\"author\":{\"name\":\"B\u00e1rbara Bittencourt\",\"@id\":\"https:\\\/\\\/centrosabia.org.br\\\/en\\\/#\\\/schema\\\/person\\\/f03db906ca655efbc7cf3ea1014afa0f\"},\"headline\":\"Surubim Agroecological Fair strengthens family farming in Pernambuco&#8217;s northern Agreste region\",\"datePublished\":\"2022-08-08T13:08:51+00:00\",\"dateModified\":\"2023-12-07T14:02:43+00:00\",\"mainEntityOfPage\":{\"@id\":\"https:\\\/\\\/centrosabia.org.br\\\/en\\\/2022\\\/08\\\/08\\\/surubim-agroecological-fair-strengthens-family-farming-in-pernambucos-northern-agreste-region\\\/\"},\"wordCount\":1296,\"commentCount\":0,\"publisher\":{\"@id\":\"https:\\\/\\\/centrosabia.org.br\\\/en\\\/#organization\"},\"image\":{\"@id\":\"https:\\\/\\\/centrosabia.org.br\\\/en\\\/2022\\\/08\\\/08\\\/surubim-agroecological-fair-strengthens-family-farming-in-pernambucos-northern-agreste-region\\\/#primaryimage\"},\"thumbnailUrl\":\"https:\\\/\\\/centrosabia.org.br\\\/wp-content\\\/uploads\\\/2022\\\/08\\\/Copia-de-Fotoreportagem_2_Credito_Ana_Mendes_Acervo_Centro_Sabia-scaled.jpg\",\"keywords\":[\"Agreste de Pernambuco\",\"Agroecological Agriculture\",\"Agroecological Fair\",\"Agroecological Family Farming\",\"agroecology\",\"Cheese\",\"Family farming\",\"Surubim\"],\"articleSection\":[\"News\"],\"inLanguage\":\"en-US\",\"potentialAction\":[{\"@type\":\"CommentAction\",\"name\":\"Comment\",\"target\":[\"https:\\\/\\\/centrosabia.org.br\\\/en\\\/2022\\\/08\\\/08\\\/surubim-agroecological-fair-strengthens-family-farming-in-pernambucos-northern-agreste-region\\\/#respond\"]}]},{\"@type\":\"WebPage\",\"@id\":\"https:\\\/\\\/centrosabia.org.br\\\/en\\\/2022\\\/08\\\/08\\\/surubim-agroecological-fair-strengthens-family-farming-in-pernambucos-northern-agreste-region\\\/\",\"url\":\"https:\\\/\\\/centrosabia.org.br\\\/en\\\/2022\\\/08\\\/08\\\/surubim-agroecological-fair-strengthens-family-farming-in-pernambucos-northern-agreste-region\\\/\",\"name\":\"Surubim Agroecological Fair strengthens family farming in Pernambuco's northern Agreste region - Centro de Desenvolvimento Agroecol\u00f3gico Sabi\u00e1\",\"isPartOf\":{\"@id\":\"https:\\\/\\\/centrosabia.org.br\\\/en\\\/#website\"},\"primaryImageOfPage\":{\"@id\":\"https:\\\/\\\/centrosabia.org.br\\\/en\\\/2022\\\/08\\\/08\\\/surubim-agroecological-fair-strengthens-family-farming-in-pernambucos-northern-agreste-region\\\/#primaryimage\"},\"image\":{\"@id\":\"https:\\\/\\\/centrosabia.org.br\\\/en\\\/2022\\\/08\\\/08\\\/surubim-agroecological-fair-strengthens-family-farming-in-pernambucos-northern-agreste-region\\\/#primaryimage\"},\"thumbnailUrl\":\"https:\\\/\\\/centrosabia.org.br\\\/wp-content\\\/uploads\\\/2022\\\/08\\\/Copia-de-Fotoreportagem_2_Credito_Ana_Mendes_Acervo_Centro_Sabia-scaled.jpg\",\"datePublished\":\"2022-08-08T13:08:51+00:00\",\"dateModified\":\"2023-12-07T14:02:43+00:00\",\"breadcrumb\":{\"@id\":\"https:\\\/\\\/centrosabia.org.br\\\/en\\\/2022\\\/08\\\/08\\\/surubim-agroecological-fair-strengthens-family-farming-in-pernambucos-northern-agreste-region\\\/#breadcrumb\"},\"inLanguage\":\"en-US\",\"potentialAction\":[{\"@type\":\"ReadAction\",\"target\":[\"https:\\\/\\\/centrosabia.org.br\\\/en\\\/2022\\\/08\\\/08\\\/surubim-agroecological-fair-strengthens-family-farming-in-pernambucos-northern-agreste-region\\\/\"]}]},{\"@type\":\"ImageObject\",\"inLanguage\":\"en-US\",\"@id\":\"https:\\\/\\\/centrosabia.org.br\\\/en\\\/2022\\\/08\\\/08\\\/surubim-agroecological-fair-strengthens-family-farming-in-pernambucos-northern-agreste-region\\\/#primaryimage\",\"url\":\"https:\\\/\\\/centrosabia.org.br\\\/wp-content\\\/uploads\\\/2022\\\/08\\\/Copia-de-Fotoreportagem_2_Credito_Ana_Mendes_Acervo_Centro_Sabia-scaled.jpg\",\"contentUrl\":\"https:\\\/\\\/centrosabia.org.br\\\/wp-content\\\/uploads\\\/2022\\\/08\\\/Copia-de-Fotoreportagem_2_Credito_Ana_Mendes_Acervo_Centro_Sabia-scaled.jpg\",\"width\":2560,\"height\":1707,\"caption\":\"Feira Agroecol\u00f3gica de Surubim, onde os produtores rurais vendem seus produtos semanalmente.\"},{\"@type\":\"BreadcrumbList\",\"@id\":\"https:\\\/\\\/centrosabia.org.br\\\/en\\\/2022\\\/08\\\/08\\\/surubim-agroecological-fair-strengthens-family-farming-in-pernambucos-northern-agreste-region\\\/#breadcrumb\",\"itemListElement\":[{\"@type\":\"ListItem\",\"position\":1,\"name\":\"In\u00edcio\",\"item\":\"https:\\\/\\\/centrosabia.org.br\\\/en\\\/\"},{\"@type\":\"ListItem\",\"position\":2,\"name\":\"Surubim Agroecological Fair strengthens family farming in Pernambuco&#8217;s northern Agreste region\"}]},{\"@type\":\"WebSite\",\"@id\":\"https:\\\/\\\/centrosabia.org.br\\\/en\\\/#website\",\"url\":\"https:\\\/\\\/centrosabia.org.br\\\/en\\\/\",\"name\":\"Centro de Desenvolvimento Agroecol\u00f3gico Sabi\u00e1\",\"description\":\"\",\"publisher\":{\"@id\":\"https:\\\/\\\/centrosabia.org.br\\\/en\\\/#organization\"},\"potentialAction\":[{\"@type\":\"SearchAction\",\"target\":{\"@type\":\"EntryPoint\",\"urlTemplate\":\"https:\\\/\\\/centrosabia.org.br\\\/en\\\/?s={search_term_string}\"},\"query-input\":{\"@type\":\"PropertyValueSpecification\",\"valueRequired\":true,\"valueName\":\"search_term_string\"}}],\"inLanguage\":\"en-US\"},{\"@type\":\"Organization\",\"@id\":\"https:\\\/\\\/centrosabia.org.br\\\/en\\\/#organization\",\"name\":\"Centro de Desenvolvimento Agroecol\u00f3gico Sabi\u00e1\",\"url\":\"https:\\\/\\\/centrosabia.org.br\\\/en\\\/\",\"logo\":{\"@type\":\"ImageObject\",\"inLanguage\":\"en-US\",\"@id\":\"https:\\\/\\\/centrosabia.org.br\\\/en\\\/#\\\/schema\\\/logo\\\/image\\\/\",\"url\":\"https:\\\/\\\/centrosabia.org.br\\\/wp-content\\\/uploads\\\/2021\\\/10\\\/logo.png\",\"contentUrl\":\"https:\\\/\\\/centrosabia.org.br\\\/wp-content\\\/uploads\\\/2021\\\/10\\\/logo.png\",\"width\":174,\"height\":84,\"caption\":\"Centro de Desenvolvimento Agroecol\u00f3gico Sabi\u00e1\"},\"image\":{\"@id\":\"https:\\\/\\\/centrosabia.org.br\\\/en\\\/#\\\/schema\\\/logo\\\/image\\\/\"}},{\"@type\":\"Person\",\"@id\":\"https:\\\/\\\/centrosabia.org.br\\\/en\\\/#\\\/schema\\\/person\\\/f03db906ca655efbc7cf3ea1014afa0f\",\"name\":\"B\u00e1rbara Bittencourt\",\"image\":{\"@type\":\"ImageObject\",\"inLanguage\":\"en-US\",\"@id\":\"https:\\\/\\\/secure.gravatar.com\\\/avatar\\\/e48abdb806324dcc55c5636a12cab13ff04683923a7799b660b17b9871721ea5?s=96&d=mm&r=g\",\"url\":\"https:\\\/\\\/secure.gravatar.com\\\/avatar\\\/e48abdb806324dcc55c5636a12cab13ff04683923a7799b660b17b9871721ea5?s=96&d=mm&r=g\",\"contentUrl\":\"https:\\\/\\\/secure.gravatar.com\\\/avatar\\\/e48abdb806324dcc55c5636a12cab13ff04683923a7799b660b17b9871721ea5?s=96&d=mm&r=g\",\"caption\":\"B\u00e1rbara Bittencourt\"},\"url\":\"https:\\\/\\\/centrosabia.org.br\\\/en\\\/author\\\/estagio-comunicacao\\\/\"}]}<\/script>\n<!-- \/ Yoast SEO plugin. -->","yoast_head_json":{"title":"Surubim Agroecological Fair strengthens family farming in Pernambuco's northern Agreste region - Centro de Desenvolvimento Agroecol\u00f3gico Sabi\u00e1","robots":{"index":"index","follow":"follow","max-snippet":"max-snippet:-1","max-image-preview":"max-image-preview:large","max-video-preview":"max-video-preview:-1"},"canonical":"https:\/\/centrosabia.org.br\/en\/2022\/08\/08\/surubim-agroecological-fair-strengthens-family-farming-in-pernambucos-northern-agreste-region\/","og_locale":"en_US","og_type":"article","og_title":"Surubim Agroecological Fair strengthens family farming in Pernambuco's northern Agreste region - Centro de Desenvolvimento Agroecol\u00f3gico Sabi\u00e1","og_url":"https:\/\/centrosabia.org.br\/en\/2022\/08\/08\/surubim-agroecological-fair-strengthens-family-farming-in-pernambucos-northern-agreste-region\/","og_site_name":"Centro de Desenvolvimento Agroecol\u00f3gico Sabi\u00e1","article_published_time":"2022-08-08T13:08:51+00:00","article_modified_time":"2023-12-07T14:02:43+00:00","og_image":[{"width":300,"height":200,"url":"https:\/\/centrosabia.org.br\/wp-content\/uploads\/2022\/08\/Copia-de-Fotoreportagem_2_Credito_Ana_Mendes_Acervo_Centro_Sabia-300x200.jpg","type":"image\/jpeg"}],"author":"B\u00e1rbara Bittencourt","twitter_card":"summary_large_image","twitter_misc":{"Written by":"B\u00e1rbara Bittencourt","Est. reading time":"6 minutes"},"schema":{"@context":"https:\/\/schema.org","@graph":[{"@type":"Article","@id":"https:\/\/centrosabia.org.br\/en\/2022\/08\/08\/surubim-agroecological-fair-strengthens-family-farming-in-pernambucos-northern-agreste-region\/#article","isPartOf":{"@id":"https:\/\/centrosabia.org.br\/en\/2022\/08\/08\/surubim-agroecological-fair-strengthens-family-farming-in-pernambucos-northern-agreste-region\/"},"author":{"name":"B\u00e1rbara Bittencourt","@id":"https:\/\/centrosabia.org.br\/en\/#\/schema\/person\/f03db906ca655efbc7cf3ea1014afa0f"},"headline":"Surubim Agroecological Fair strengthens family farming in Pernambuco&#8217;s northern Agreste region","datePublished":"2022-08-08T13:08:51+00:00","dateModified":"2023-12-07T14:02:43+00:00","mainEntityOfPage":{"@id":"https:\/\/centrosabia.org.br\/en\/2022\/08\/08\/surubim-agroecological-fair-strengthens-family-farming-in-pernambucos-northern-agreste-region\/"},"wordCount":1296,"commentCount":0,"publisher":{"@id":"https:\/\/centrosabia.org.br\/en\/#organization"},"image":{"@id":"https:\/\/centrosabia.org.br\/en\/2022\/08\/08\/surubim-agroecological-fair-strengthens-family-farming-in-pernambucos-northern-agreste-region\/#primaryimage"},"thumbnailUrl":"https:\/\/centrosabia.org.br\/wp-content\/uploads\/2022\/08\/Copia-de-Fotoreportagem_2_Credito_Ana_Mendes_Acervo_Centro_Sabia-scaled.jpg","keywords":["Agreste de Pernambuco","Agroecological Agriculture","Agroecological Fair","Agroecological Family Farming","agroecology","Cheese","Family farming","Surubim"],"articleSection":["News"],"inLanguage":"en-US","potentialAction":[{"@type":"CommentAction","name":"Comment","target":["https:\/\/centrosabia.org.br\/en\/2022\/08\/08\/surubim-agroecological-fair-strengthens-family-farming-in-pernambucos-northern-agreste-region\/#respond"]}]},{"@type":"WebPage","@id":"https:\/\/centrosabia.org.br\/en\/2022\/08\/08\/surubim-agroecological-fair-strengthens-family-farming-in-pernambucos-northern-agreste-region\/","url":"https:\/\/centrosabia.org.br\/en\/2022\/08\/08\/surubim-agroecological-fair-strengthens-family-farming-in-pernambucos-northern-agreste-region\/","name":"Surubim Agroecological Fair strengthens family farming in Pernambuco's northern Agreste region - Centro de Desenvolvimento Agroecol\u00f3gico Sabi\u00e1","isPartOf":{"@id":"https:\/\/centrosabia.org.br\/en\/#website"},"primaryImageOfPage":{"@id":"https:\/\/centrosabia.org.br\/en\/2022\/08\/08\/surubim-agroecological-fair-strengthens-family-farming-in-pernambucos-northern-agreste-region\/#primaryimage"},"image":{"@id":"https:\/\/centrosabia.org.br\/en\/2022\/08\/08\/surubim-agroecological-fair-strengthens-family-farming-in-pernambucos-northern-agreste-region\/#primaryimage"},"thumbnailUrl":"https:\/\/centrosabia.org.br\/wp-content\/uploads\/2022\/08\/Copia-de-Fotoreportagem_2_Credito_Ana_Mendes_Acervo_Centro_Sabia-scaled.jpg","datePublished":"2022-08-08T13:08:51+00:00","dateModified":"2023-12-07T14:02:43+00:00","breadcrumb":{"@id":"https:\/\/centrosabia.org.br\/en\/2022\/08\/08\/surubim-agroecological-fair-strengthens-family-farming-in-pernambucos-northern-agreste-region\/#breadcrumb"},"inLanguage":"en-US","potentialAction":[{"@type":"ReadAction","target":["https:\/\/centrosabia.org.br\/en\/2022\/08\/08\/surubim-agroecological-fair-strengthens-family-farming-in-pernambucos-northern-agreste-region\/"]}]},{"@type":"ImageObject","inLanguage":"en-US","@id":"https:\/\/centrosabia.org.br\/en\/2022\/08\/08\/surubim-agroecological-fair-strengthens-family-farming-in-pernambucos-northern-agreste-region\/#primaryimage","url":"https:\/\/centrosabia.org.br\/wp-content\/uploads\/2022\/08\/Copia-de-Fotoreportagem_2_Credito_Ana_Mendes_Acervo_Centro_Sabia-scaled.jpg","contentUrl":"https:\/\/centrosabia.org.br\/wp-content\/uploads\/2022\/08\/Copia-de-Fotoreportagem_2_Credito_Ana_Mendes_Acervo_Centro_Sabia-scaled.jpg","width":2560,"height":1707,"caption":"Feira Agroecol\u00f3gica de Surubim, onde os produtores rurais vendem seus produtos semanalmente."},{"@type":"BreadcrumbList","@id":"https:\/\/centrosabia.org.br\/en\/2022\/08\/08\/surubim-agroecological-fair-strengthens-family-farming-in-pernambucos-northern-agreste-region\/#breadcrumb","itemListElement":[{"@type":"ListItem","position":1,"name":"In\u00edcio","item":"https:\/\/centrosabia.org.br\/en\/"},{"@type":"ListItem","position":2,"name":"Surubim Agroecological Fair strengthens family farming in Pernambuco&#8217;s northern Agreste region"}]},{"@type":"WebSite","@id":"https:\/\/centrosabia.org.br\/en\/#website","url":"https:\/\/centrosabia.org.br\/en\/","name":"Centro de Desenvolvimento Agroecol\u00f3gico Sabi\u00e1","description":"","publisher":{"@id":"https:\/\/centrosabia.org.br\/en\/#organization"},"potentialAction":[{"@type":"SearchAction","target":{"@type":"EntryPoint","urlTemplate":"https:\/\/centrosabia.org.br\/en\/?s={search_term_string}"},"query-input":{"@type":"PropertyValueSpecification","valueRequired":true,"valueName":"search_term_string"}}],"inLanguage":"en-US"},{"@type":"Organization","@id":"https:\/\/centrosabia.org.br\/en\/#organization","name":"Centro de Desenvolvimento Agroecol\u00f3gico Sabi\u00e1","url":"https:\/\/centrosabia.org.br\/en\/","logo":{"@type":"ImageObject","inLanguage":"en-US","@id":"https:\/\/centrosabia.org.br\/en\/#\/schema\/logo\/image\/","url":"https:\/\/centrosabia.org.br\/wp-content\/uploads\/2021\/10\/logo.png","contentUrl":"https:\/\/centrosabia.org.br\/wp-content\/uploads\/2021\/10\/logo.png","width":174,"height":84,"caption":"Centro de Desenvolvimento Agroecol\u00f3gico Sabi\u00e1"},"image":{"@id":"https:\/\/centrosabia.org.br\/en\/#\/schema\/logo\/image\/"}},{"@type":"Person","@id":"https:\/\/centrosabia.org.br\/en\/#\/schema\/person\/f03db906ca655efbc7cf3ea1014afa0f","name":"B\u00e1rbara Bittencourt","image":{"@type":"ImageObject","inLanguage":"en-US","@id":"https:\/\/secure.gravatar.com\/avatar\/e48abdb806324dcc55c5636a12cab13ff04683923a7799b660b17b9871721ea5?s=96&d=mm&r=g","url":"https:\/\/secure.gravatar.com\/avatar\/e48abdb806324dcc55c5636a12cab13ff04683923a7799b660b17b9871721ea5?s=96&d=mm&r=g","contentUrl":"https:\/\/secure.gravatar.com\/avatar\/e48abdb806324dcc55c5636a12cab13ff04683923a7799b660b17b9871721ea5?s=96&d=mm&r=g","caption":"B\u00e1rbara Bittencourt"},"url":"https:\/\/centrosabia.org.br\/en\/author\/estagio-comunicacao\/"}]}},"_links":{"self":[{"href":"https:\/\/centrosabia.org.br\/en\/wp-json\/wp\/v2\/posts\/15791","targetHints":{"allow":["GET"]}}],"collection":[{"href":"https:\/\/centrosabia.org.br\/en\/wp-json\/wp\/v2\/posts"}],"about":[{"href":"https:\/\/centrosabia.org.br\/en\/wp-json\/wp\/v2\/types\/post"}],"author":[{"embeddable":true,"href":"https:\/\/centrosabia.org.br\/en\/wp-json\/wp\/v2\/users\/6"}],"replies":[{"embeddable":true,"href":"https:\/\/centrosabia.org.br\/en\/wp-json\/wp\/v2\/comments?post=15791"}],"version-history":[{"count":1,"href":"https:\/\/centrosabia.org.br\/en\/wp-json\/wp\/v2\/posts\/15791\/revisions"}],"predecessor-version":[{"id":15792,"href":"https:\/\/centrosabia.org.br\/en\/wp-json\/wp\/v2\/posts\/15791\/revisions\/15792"}],"wp:featuredmedia":[{"embeddable":true,"href":"https:\/\/centrosabia.org.br\/en\/wp-json\/wp\/v2\/media\/9319"}],"wp:attachment":[{"href":"https:\/\/centrosabia.org.br\/en\/wp-json\/wp\/v2\/media?parent=15791"}],"wp:term":[{"taxonomy":"category","embeddable":true,"href":"https:\/\/centrosabia.org.br\/en\/wp-json\/wp\/v2\/categories?post=15791"},{"taxonomy":"post_tag","embeddable":true,"href":"https:\/\/centrosabia.org.br\/en\/wp-json\/wp\/v2\/tags?post=15791"}],"curies":[{"name":"wp","href":"https:\/\/api.w.org\/{rel}","templated":true}]}}