{"id":15858,"date":"2023-12-12T16:03:23","date_gmt":"2023-12-12T19:03:23","guid":{"rendered":"https:\/\/centrosabia.org.br\/2023\/12\/12\/centro-sabia-promove-oficina-de-producao-de-conteudo-para-redes-sociais-voltada-para-jovens-multiplicadores-as-da-agroecologia\/"},"modified":"2023-12-12T16:57:57","modified_gmt":"2023-12-12T19:57:57","slug":"centro-sabia-promove-oficina-de-producao-de-conteudo-para-redes-sociais-voltada-para-jovens-multiplicadores-as-da-agroecologia","status":"publish","type":"post","link":"https:\/\/centrosabia.org.br\/en\/2023\/12\/12\/centro-sabia-promove-oficina-de-producao-de-conteudo-para-redes-sociais-voltada-para-jovens-multiplicadores-as-da-agroecologia\/","title":{"rendered":"Centro Sabi\u00e1 promotes content production workshop for social networks aimed at young agroecology multipliers"},"content":{"rendered":"\n<p>Darliton Silva<br\/>Sabi\u00e1 Center communicator<\/p>\n\n<figure class=\"wp-block-image size-large\"><img loading=\"lazy\" decoding=\"async\" width=\"1024\" height=\"768\" src=\"https:\/\/centrosabia.org.br\/wp-content\/uploads\/2023\/12\/WhatsApp-Image-2023-12-12-at-16.01.36-1-1024x768.jpeg\" alt=\"\" class=\"wp-image-15851\" srcset=\"https:\/\/centrosabia.org.br\/wp-content\/uploads\/2023\/12\/WhatsApp-Image-2023-12-12-at-16.01.36-1-1024x768.jpeg 1024w, https:\/\/centrosabia.org.br\/wp-content\/uploads\/2023\/12\/WhatsApp-Image-2023-12-12-at-16.01.36-1-300x225.jpeg 300w, https:\/\/centrosabia.org.br\/wp-content\/uploads\/2023\/12\/WhatsApp-Image-2023-12-12-at-16.01.36-1-768x576.jpeg 768w, https:\/\/centrosabia.org.br\/wp-content\/uploads\/2023\/12\/WhatsApp-Image-2023-12-12-at-16.01.36-1-1536x1152.jpeg 1536w, https:\/\/centrosabia.org.br\/wp-content\/uploads\/2023\/12\/WhatsApp-Image-2023-12-12-at-16.01.36-1.jpeg 1600w\" sizes=\"auto, (max-width: 1024px) 100vw, 1024px\" \/><\/figure>\n\n<p>On Monday (11), the first module of the Social Network Content Production Workshop took place in the city of Gravat\u00e1, in the agreste region of Pernambuco. The first training session was given by Darliton Silva, a communicator from the Sabi\u00e1 Center, and was attended by eight young people, as well as Jana\u00edna Ferraz, technical advisor for youth at the Sabi\u00e1 Center.<br\/><br\/>The aim of the training is to develop processes and techniques for writing, producing photos and videos for social networks, bringing basic notions of how social networks work, algorithms, organic publications and the use of platforms that help manage networks.<br\/><br\/>&#8220;The Commission of Young Agroecology Multipliers is on two of the main social networks, Instagram and Facebook, and already has an established routine for producing and disseminating content, but we need to build strategies and develop more assertive approaches and audience reach,&#8221; said Darliton.<br\/><br\/>For Raiza Karollaine, a young person from CJMA, the workshop taught her how to capture and edit photos and videos, showed her how Instagram tools work and how to use them strategically. &#8220;It was extremely important to learn the techniques for using the tools on Instagram for CJMA and all the young people,&#8221; said Raiza.<br\/><br\/>Centro Sabi\u00e1 sees communication as a strategy for mobilization and social transformation, and to this end, communication is present in all its actions.<\/p>\n","protected":false},"excerpt":{"rendered":"","protected":false},"author":2,"featured_media":15855,"comment_status":"open","ping_status":"open","sticky":false,"template":"","format":"standard","meta":{"_acf_changed":false,"ano":0,"footnotes":""},"categories":[217],"tags":[],"class_list":["post-15858","post","type-post","status-publish","format-standard","has-post-thumbnail","hentry","category-news"],"blocksy_meta":[],"acf":[],"yoast_head":"<!-- This site is optimized with the Yoast SEO plugin v27.4 - https:\/\/yoast.com\/product\/yoast-seo-wordpress\/ -->\n<title>Centro Sabi\u00e1 promotes content production workshop for social networks aimed at young agroecology multipliers - Centro de Desenvolvimento Agroecol\u00f3gico Sabi\u00e1<\/title>\n<meta name=\"robots\" content=\"index, follow, max-snippet:-1, max-image-preview:large, max-video-preview:-1\" \/>\n<link rel=\"canonical\" href=\"https:\/\/centrosabia.org.br\/en\/2023\/12\/12\/centro-sabia-promove-oficina-de-producao-de-conteudo-para-redes-sociais-voltada-para-jovens-multiplicadores-as-da-agroecologia\/\" \/>\n<meta property=\"og:locale\" content=\"en_US\" \/>\n<meta property=\"og:type\" content=\"article\" \/>\n<meta property=\"og:title\" content=\"Centro Sabi\u00e1 promotes content production workshop for social networks aimed at young agroecology multipliers - Centro de Desenvolvimento Agroecol\u00f3gico Sabi\u00e1\" \/>\n<meta property=\"og:url\" content=\"https:\/\/centrosabia.org.br\/en\/2023\/12\/12\/centro-sabia-promove-oficina-de-producao-de-conteudo-para-redes-sociais-voltada-para-jovens-multiplicadores-as-da-agroecologia\/\" \/>\n<meta property=\"og:site_name\" content=\"Centro de Desenvolvimento Agroecol\u00f3gico Sabi\u00e1\" \/>\n<meta property=\"article:published_time\" content=\"2023-12-12T19:03:23+00:00\" \/>\n<meta property=\"article:modified_time\" content=\"2023-12-12T19:57:57+00:00\" \/>\n<meta property=\"og:image\" content=\"https:\/\/centrosabia.org.br\/wp-content\/uploads\/2023\/12\/WhatsApp-Image-2023-12-12-at-16.01.36-300x225.jpeg\" \/>\n\t<meta property=\"og:image:width\" content=\"300\" \/>\n\t<meta property=\"og:image:height\" content=\"225\" \/>\n\t<meta property=\"og:image:type\" content=\"image\/jpeg\" \/>\n<meta name=\"author\" content=\"Darliton\" \/>\n<meta name=\"twitter:card\" content=\"summary_large_image\" \/>\n<meta name=\"twitter:label1\" content=\"Written by\" \/>\n\t<meta name=\"twitter:data1\" content=\"Darliton\" \/>\n\t<meta name=\"twitter:label2\" content=\"Est. reading time\" \/>\n\t<meta name=\"twitter:data2\" content=\"1 minute\" \/>\n<script type=\"application\/ld+json\" class=\"yoast-schema-graph\">{\"@context\":\"https:\\\/\\\/schema.org\",\"@graph\":[{\"@type\":\"Article\",\"@id\":\"https:\\\/\\\/centrosabia.org.br\\\/en\\\/2023\\\/12\\\/12\\\/centro-sabia-promove-oficina-de-producao-de-conteudo-para-redes-sociais-voltada-para-jovens-multiplicadores-as-da-agroecologia\\\/#article\",\"isPartOf\":{\"@id\":\"https:\\\/\\\/centrosabia.org.br\\\/en\\\/2023\\\/12\\\/12\\\/centro-sabia-promove-oficina-de-producao-de-conteudo-para-redes-sociais-voltada-para-jovens-multiplicadores-as-da-agroecologia\\\/\"},\"author\":{\"name\":\"Darliton\",\"@id\":\"https:\\\/\\\/centrosabia.org.br\\\/en\\\/#\\\/schema\\\/person\\\/7e83deaeb43644ce5b93a21b9d24c8d6\"},\"headline\":\"Centro Sabi\u00e1 promotes content production workshop for social networks aimed at young agroecology multipliers\",\"datePublished\":\"2023-12-12T19:03:23+00:00\",\"dateModified\":\"2023-12-12T19:57:57+00:00\",\"mainEntityOfPage\":{\"@id\":\"https:\\\/\\\/centrosabia.org.br\\\/en\\\/2023\\\/12\\\/12\\\/centro-sabia-promove-oficina-de-producao-de-conteudo-para-redes-sociais-voltada-para-jovens-multiplicadores-as-da-agroecologia\\\/\"},\"wordCount\":241,\"commentCount\":0,\"publisher\":{\"@id\":\"https:\\\/\\\/centrosabia.org.br\\\/en\\\/#organization\"},\"image\":{\"@id\":\"https:\\\/\\\/centrosabia.org.br\\\/en\\\/2023\\\/12\\\/12\\\/centro-sabia-promove-oficina-de-producao-de-conteudo-para-redes-sociais-voltada-para-jovens-multiplicadores-as-da-agroecologia\\\/#primaryimage\"},\"thumbnailUrl\":\"https:\\\/\\\/centrosabia.org.br\\\/wp-content\\\/uploads\\\/2023\\\/12\\\/WhatsApp-Image-2023-12-12-at-16.01.36.jpeg\",\"articleSection\":[\"News\"],\"inLanguage\":\"en-US\",\"potentialAction\":[{\"@type\":\"CommentAction\",\"name\":\"Comment\",\"target\":[\"https:\\\/\\\/centrosabia.org.br\\\/en\\\/2023\\\/12\\\/12\\\/centro-sabia-promove-oficina-de-producao-de-conteudo-para-redes-sociais-voltada-para-jovens-multiplicadores-as-da-agroecologia\\\/#respond\"]}]},{\"@type\":\"WebPage\",\"@id\":\"https:\\\/\\\/centrosabia.org.br\\\/en\\\/2023\\\/12\\\/12\\\/centro-sabia-promove-oficina-de-producao-de-conteudo-para-redes-sociais-voltada-para-jovens-multiplicadores-as-da-agroecologia\\\/\",\"url\":\"https:\\\/\\\/centrosabia.org.br\\\/en\\\/2023\\\/12\\\/12\\\/centro-sabia-promove-oficina-de-producao-de-conteudo-para-redes-sociais-voltada-para-jovens-multiplicadores-as-da-agroecologia\\\/\",\"name\":\"Centro Sabi\u00e1 promotes content production workshop for social networks aimed at young agroecology multipliers - Centro de Desenvolvimento Agroecol\u00f3gico Sabi\u00e1\",\"isPartOf\":{\"@id\":\"https:\\\/\\\/centrosabia.org.br\\\/en\\\/#website\"},\"primaryImageOfPage\":{\"@id\":\"https:\\\/\\\/centrosabia.org.br\\\/en\\\/2023\\\/12\\\/12\\\/centro-sabia-promove-oficina-de-producao-de-conteudo-para-redes-sociais-voltada-para-jovens-multiplicadores-as-da-agroecologia\\\/#primaryimage\"},\"image\":{\"@id\":\"https:\\\/\\\/centrosabia.org.br\\\/en\\\/2023\\\/12\\\/12\\\/centro-sabia-promove-oficina-de-producao-de-conteudo-para-redes-sociais-voltada-para-jovens-multiplicadores-as-da-agroecologia\\\/#primaryimage\"},\"thumbnailUrl\":\"https:\\\/\\\/centrosabia.org.br\\\/wp-content\\\/uploads\\\/2023\\\/12\\\/WhatsApp-Image-2023-12-12-at-16.01.36.jpeg\",\"datePublished\":\"2023-12-12T19:03:23+00:00\",\"dateModified\":\"2023-12-12T19:57:57+00:00\",\"breadcrumb\":{\"@id\":\"https:\\\/\\\/centrosabia.org.br\\\/en\\\/2023\\\/12\\\/12\\\/centro-sabia-promove-oficina-de-producao-de-conteudo-para-redes-sociais-voltada-para-jovens-multiplicadores-as-da-agroecologia\\\/#breadcrumb\"},\"inLanguage\":\"en-US\",\"potentialAction\":[{\"@type\":\"ReadAction\",\"target\":[\"https:\\\/\\\/centrosabia.org.br\\\/en\\\/2023\\\/12\\\/12\\\/centro-sabia-promove-oficina-de-producao-de-conteudo-para-redes-sociais-voltada-para-jovens-multiplicadores-as-da-agroecologia\\\/\"]}]},{\"@type\":\"ImageObject\",\"inLanguage\":\"en-US\",\"@id\":\"https:\\\/\\\/centrosabia.org.br\\\/en\\\/2023\\\/12\\\/12\\\/centro-sabia-promove-oficina-de-producao-de-conteudo-para-redes-sociais-voltada-para-jovens-multiplicadores-as-da-agroecologia\\\/#primaryimage\",\"url\":\"https:\\\/\\\/centrosabia.org.br\\\/wp-content\\\/uploads\\\/2023\\\/12\\\/WhatsApp-Image-2023-12-12-at-16.01.36.jpeg\",\"contentUrl\":\"https:\\\/\\\/centrosabia.org.br\\\/wp-content\\\/uploads\\\/2023\\\/12\\\/WhatsApp-Image-2023-12-12-at-16.01.36.jpeg\",\"width\":1600,\"height\":1200},{\"@type\":\"BreadcrumbList\",\"@id\":\"https:\\\/\\\/centrosabia.org.br\\\/en\\\/2023\\\/12\\\/12\\\/centro-sabia-promove-oficina-de-producao-de-conteudo-para-redes-sociais-voltada-para-jovens-multiplicadores-as-da-agroecologia\\\/#breadcrumb\",\"itemListElement\":[{\"@type\":\"ListItem\",\"position\":1,\"name\":\"In\u00edcio\",\"item\":\"https:\\\/\\\/centrosabia.org.br\\\/en\\\/\"},{\"@type\":\"ListItem\",\"position\":2,\"name\":\"Centro Sabi\u00e1 promotes content production workshop for social networks aimed at young agroecology multipliers\"}]},{\"@type\":\"WebSite\",\"@id\":\"https:\\\/\\\/centrosabia.org.br\\\/en\\\/#website\",\"url\":\"https:\\\/\\\/centrosabia.org.br\\\/en\\\/\",\"name\":\"Centro de Desenvolvimento Agroecol\u00f3gico Sabi\u00e1\",\"description\":\"\",\"publisher\":{\"@id\":\"https:\\\/\\\/centrosabia.org.br\\\/en\\\/#organization\"},\"potentialAction\":[{\"@type\":\"SearchAction\",\"target\":{\"@type\":\"EntryPoint\",\"urlTemplate\":\"https:\\\/\\\/centrosabia.org.br\\\/en\\\/?s={search_term_string}\"},\"query-input\":{\"@type\":\"PropertyValueSpecification\",\"valueRequired\":true,\"valueName\":\"search_term_string\"}}],\"inLanguage\":\"en-US\"},{\"@type\":\"Organization\",\"@id\":\"https:\\\/\\\/centrosabia.org.br\\\/en\\\/#organization\",\"name\":\"Centro de Desenvolvimento Agroecol\u00f3gico Sabi\u00e1\",\"url\":\"https:\\\/\\\/centrosabia.org.br\\\/en\\\/\",\"logo\":{\"@type\":\"ImageObject\",\"inLanguage\":\"en-US\",\"@id\":\"https:\\\/\\\/centrosabia.org.br\\\/en\\\/#\\\/schema\\\/logo\\\/image\\\/\",\"url\":\"https:\\\/\\\/centrosabia.org.br\\\/wp-content\\\/uploads\\\/2021\\\/10\\\/logo.png\",\"contentUrl\":\"https:\\\/\\\/centrosabia.org.br\\\/wp-content\\\/uploads\\\/2021\\\/10\\\/logo.png\",\"width\":174,\"height\":84,\"caption\":\"Centro de Desenvolvimento Agroecol\u00f3gico Sabi\u00e1\"},\"image\":{\"@id\":\"https:\\\/\\\/centrosabia.org.br\\\/en\\\/#\\\/schema\\\/logo\\\/image\\\/\"}},{\"@type\":\"Person\",\"@id\":\"https:\\\/\\\/centrosabia.org.br\\\/en\\\/#\\\/schema\\\/person\\\/7e83deaeb43644ce5b93a21b9d24c8d6\",\"name\":\"Darliton\",\"image\":{\"@type\":\"ImageObject\",\"inLanguage\":\"en-US\",\"@id\":\"https:\\\/\\\/secure.gravatar.com\\\/avatar\\\/abb43c9d012bc9e4677cba1d82588694a509da0a3479cb06ce66c26da27e1642?s=96&d=mm&r=g\",\"url\":\"https:\\\/\\\/secure.gravatar.com\\\/avatar\\\/abb43c9d012bc9e4677cba1d82588694a509da0a3479cb06ce66c26da27e1642?s=96&d=mm&r=g\",\"contentUrl\":\"https:\\\/\\\/secure.gravatar.com\\\/avatar\\\/abb43c9d012bc9e4677cba1d82588694a509da0a3479cb06ce66c26da27e1642?s=96&d=mm&r=g\",\"caption\":\"Darliton\"},\"description\":\"Comunicador popular, administrador, p\u00f3s-graduado em projetos sociais e pol\u00edticas p\u00fablicas, especialista media social, militante da agroecologia, conviv\u00eancia com semi\u00e1rido, direitos humanos, preserva\u00e7\u00e3o ambiental e direitos de trabalhadoras e trabalhadores.\",\"url\":\"https:\\\/\\\/centrosabia.org.br\\\/en\\\/author\\\/darliton\\\/\"}]}<\/script>\n<!-- \/ Yoast SEO plugin. -->","yoast_head_json":{"title":"Centro Sabi\u00e1 promotes content production workshop for social networks aimed at young agroecology multipliers - Centro de Desenvolvimento Agroecol\u00f3gico Sabi\u00e1","robots":{"index":"index","follow":"follow","max-snippet":"max-snippet:-1","max-image-preview":"max-image-preview:large","max-video-preview":"max-video-preview:-1"},"canonical":"https:\/\/centrosabia.org.br\/en\/2023\/12\/12\/centro-sabia-promove-oficina-de-producao-de-conteudo-para-redes-sociais-voltada-para-jovens-multiplicadores-as-da-agroecologia\/","og_locale":"en_US","og_type":"article","og_title":"Centro Sabi\u00e1 promotes content production workshop for social networks aimed at young agroecology multipliers - Centro de Desenvolvimento Agroecol\u00f3gico Sabi\u00e1","og_url":"https:\/\/centrosabia.org.br\/en\/2023\/12\/12\/centro-sabia-promove-oficina-de-producao-de-conteudo-para-redes-sociais-voltada-para-jovens-multiplicadores-as-da-agroecologia\/","og_site_name":"Centro de Desenvolvimento Agroecol\u00f3gico Sabi\u00e1","article_published_time":"2023-12-12T19:03:23+00:00","article_modified_time":"2023-12-12T19:57:57+00:00","og_image":[{"width":300,"height":225,"url":"https:\/\/centrosabia.org.br\/wp-content\/uploads\/2023\/12\/WhatsApp-Image-2023-12-12-at-16.01.36-300x225.jpeg","type":"image\/jpeg"}],"author":"Darliton","twitter_card":"summary_large_image","twitter_misc":{"Written by":"Darliton","Est. reading time":"1 minute"},"schema":{"@context":"https:\/\/schema.org","@graph":[{"@type":"Article","@id":"https:\/\/centrosabia.org.br\/en\/2023\/12\/12\/centro-sabia-promove-oficina-de-producao-de-conteudo-para-redes-sociais-voltada-para-jovens-multiplicadores-as-da-agroecologia\/#article","isPartOf":{"@id":"https:\/\/centrosabia.org.br\/en\/2023\/12\/12\/centro-sabia-promove-oficina-de-producao-de-conteudo-para-redes-sociais-voltada-para-jovens-multiplicadores-as-da-agroecologia\/"},"author":{"name":"Darliton","@id":"https:\/\/centrosabia.org.br\/en\/#\/schema\/person\/7e83deaeb43644ce5b93a21b9d24c8d6"},"headline":"Centro Sabi\u00e1 promotes content production workshop for social networks aimed at young agroecology multipliers","datePublished":"2023-12-12T19:03:23+00:00","dateModified":"2023-12-12T19:57:57+00:00","mainEntityOfPage":{"@id":"https:\/\/centrosabia.org.br\/en\/2023\/12\/12\/centro-sabia-promove-oficina-de-producao-de-conteudo-para-redes-sociais-voltada-para-jovens-multiplicadores-as-da-agroecologia\/"},"wordCount":241,"commentCount":0,"publisher":{"@id":"https:\/\/centrosabia.org.br\/en\/#organization"},"image":{"@id":"https:\/\/centrosabia.org.br\/en\/2023\/12\/12\/centro-sabia-promove-oficina-de-producao-de-conteudo-para-redes-sociais-voltada-para-jovens-multiplicadores-as-da-agroecologia\/#primaryimage"},"thumbnailUrl":"https:\/\/centrosabia.org.br\/wp-content\/uploads\/2023\/12\/WhatsApp-Image-2023-12-12-at-16.01.36.jpeg","articleSection":["News"],"inLanguage":"en-US","potentialAction":[{"@type":"CommentAction","name":"Comment","target":["https:\/\/centrosabia.org.br\/en\/2023\/12\/12\/centro-sabia-promove-oficina-de-producao-de-conteudo-para-redes-sociais-voltada-para-jovens-multiplicadores-as-da-agroecologia\/#respond"]}]},{"@type":"WebPage","@id":"https:\/\/centrosabia.org.br\/en\/2023\/12\/12\/centro-sabia-promove-oficina-de-producao-de-conteudo-para-redes-sociais-voltada-para-jovens-multiplicadores-as-da-agroecologia\/","url":"https:\/\/centrosabia.org.br\/en\/2023\/12\/12\/centro-sabia-promove-oficina-de-producao-de-conteudo-para-redes-sociais-voltada-para-jovens-multiplicadores-as-da-agroecologia\/","name":"Centro Sabi\u00e1 promotes content production workshop for social networks aimed at young agroecology multipliers - Centro de Desenvolvimento Agroecol\u00f3gico Sabi\u00e1","isPartOf":{"@id":"https:\/\/centrosabia.org.br\/en\/#website"},"primaryImageOfPage":{"@id":"https:\/\/centrosabia.org.br\/en\/2023\/12\/12\/centro-sabia-promove-oficina-de-producao-de-conteudo-para-redes-sociais-voltada-para-jovens-multiplicadores-as-da-agroecologia\/#primaryimage"},"image":{"@id":"https:\/\/centrosabia.org.br\/en\/2023\/12\/12\/centro-sabia-promove-oficina-de-producao-de-conteudo-para-redes-sociais-voltada-para-jovens-multiplicadores-as-da-agroecologia\/#primaryimage"},"thumbnailUrl":"https:\/\/centrosabia.org.br\/wp-content\/uploads\/2023\/12\/WhatsApp-Image-2023-12-12-at-16.01.36.jpeg","datePublished":"2023-12-12T19:03:23+00:00","dateModified":"2023-12-12T19:57:57+00:00","breadcrumb":{"@id":"https:\/\/centrosabia.org.br\/en\/2023\/12\/12\/centro-sabia-promove-oficina-de-producao-de-conteudo-para-redes-sociais-voltada-para-jovens-multiplicadores-as-da-agroecologia\/#breadcrumb"},"inLanguage":"en-US","potentialAction":[{"@type":"ReadAction","target":["https:\/\/centrosabia.org.br\/en\/2023\/12\/12\/centro-sabia-promove-oficina-de-producao-de-conteudo-para-redes-sociais-voltada-para-jovens-multiplicadores-as-da-agroecologia\/"]}]},{"@type":"ImageObject","inLanguage":"en-US","@id":"https:\/\/centrosabia.org.br\/en\/2023\/12\/12\/centro-sabia-promove-oficina-de-producao-de-conteudo-para-redes-sociais-voltada-para-jovens-multiplicadores-as-da-agroecologia\/#primaryimage","url":"https:\/\/centrosabia.org.br\/wp-content\/uploads\/2023\/12\/WhatsApp-Image-2023-12-12-at-16.01.36.jpeg","contentUrl":"https:\/\/centrosabia.org.br\/wp-content\/uploads\/2023\/12\/WhatsApp-Image-2023-12-12-at-16.01.36.jpeg","width":1600,"height":1200},{"@type":"BreadcrumbList","@id":"https:\/\/centrosabia.org.br\/en\/2023\/12\/12\/centro-sabia-promove-oficina-de-producao-de-conteudo-para-redes-sociais-voltada-para-jovens-multiplicadores-as-da-agroecologia\/#breadcrumb","itemListElement":[{"@type":"ListItem","position":1,"name":"In\u00edcio","item":"https:\/\/centrosabia.org.br\/en\/"},{"@type":"ListItem","position":2,"name":"Centro Sabi\u00e1 promotes content production workshop for social networks aimed at young agroecology multipliers"}]},{"@type":"WebSite","@id":"https:\/\/centrosabia.org.br\/en\/#website","url":"https:\/\/centrosabia.org.br\/en\/","name":"Centro de Desenvolvimento Agroecol\u00f3gico Sabi\u00e1","description":"","publisher":{"@id":"https:\/\/centrosabia.org.br\/en\/#organization"},"potentialAction":[{"@type":"SearchAction","target":{"@type":"EntryPoint","urlTemplate":"https:\/\/centrosabia.org.br\/en\/?s={search_term_string}"},"query-input":{"@type":"PropertyValueSpecification","valueRequired":true,"valueName":"search_term_string"}}],"inLanguage":"en-US"},{"@type":"Organization","@id":"https:\/\/centrosabia.org.br\/en\/#organization","name":"Centro de Desenvolvimento Agroecol\u00f3gico Sabi\u00e1","url":"https:\/\/centrosabia.org.br\/en\/","logo":{"@type":"ImageObject","inLanguage":"en-US","@id":"https:\/\/centrosabia.org.br\/en\/#\/schema\/logo\/image\/","url":"https:\/\/centrosabia.org.br\/wp-content\/uploads\/2021\/10\/logo.png","contentUrl":"https:\/\/centrosabia.org.br\/wp-content\/uploads\/2021\/10\/logo.png","width":174,"height":84,"caption":"Centro de Desenvolvimento Agroecol\u00f3gico Sabi\u00e1"},"image":{"@id":"https:\/\/centrosabia.org.br\/en\/#\/schema\/logo\/image\/"}},{"@type":"Person","@id":"https:\/\/centrosabia.org.br\/en\/#\/schema\/person\/7e83deaeb43644ce5b93a21b9d24c8d6","name":"Darliton","image":{"@type":"ImageObject","inLanguage":"en-US","@id":"https:\/\/secure.gravatar.com\/avatar\/abb43c9d012bc9e4677cba1d82588694a509da0a3479cb06ce66c26da27e1642?s=96&d=mm&r=g","url":"https:\/\/secure.gravatar.com\/avatar\/abb43c9d012bc9e4677cba1d82588694a509da0a3479cb06ce66c26da27e1642?s=96&d=mm&r=g","contentUrl":"https:\/\/secure.gravatar.com\/avatar\/abb43c9d012bc9e4677cba1d82588694a509da0a3479cb06ce66c26da27e1642?s=96&d=mm&r=g","caption":"Darliton"},"description":"Comunicador popular, administrador, p\u00f3s-graduado em projetos sociais e pol\u00edticas p\u00fablicas, especialista media social, militante da agroecologia, conviv\u00eancia com semi\u00e1rido, direitos humanos, preserva\u00e7\u00e3o ambiental e direitos de trabalhadoras e trabalhadores.","url":"https:\/\/centrosabia.org.br\/en\/author\/darliton\/"}]}},"_links":{"self":[{"href":"https:\/\/centrosabia.org.br\/en\/wp-json\/wp\/v2\/posts\/15858","targetHints":{"allow":["GET"]}}],"collection":[{"href":"https:\/\/centrosabia.org.br\/en\/wp-json\/wp\/v2\/posts"}],"about":[{"href":"https:\/\/centrosabia.org.br\/en\/wp-json\/wp\/v2\/types\/post"}],"author":[{"embeddable":true,"href":"https:\/\/centrosabia.org.br\/en\/wp-json\/wp\/v2\/users\/2"}],"replies":[{"embeddable":true,"href":"https:\/\/centrosabia.org.br\/en\/wp-json\/wp\/v2\/comments?post=15858"}],"version-history":[{"count":3,"href":"https:\/\/centrosabia.org.br\/en\/wp-json\/wp\/v2\/posts\/15858\/revisions"}],"predecessor-version":[{"id":15863,"href":"https:\/\/centrosabia.org.br\/en\/wp-json\/wp\/v2\/posts\/15858\/revisions\/15863"}],"wp:featuredmedia":[{"embeddable":true,"href":"https:\/\/centrosabia.org.br\/en\/wp-json\/wp\/v2\/media\/15855"}],"wp:attachment":[{"href":"https:\/\/centrosabia.org.br\/en\/wp-json\/wp\/v2\/media?parent=15858"}],"wp:term":[{"taxonomy":"category","embeddable":true,"href":"https:\/\/centrosabia.org.br\/en\/wp-json\/wp\/v2\/categories?post=15858"},{"taxonomy":"post_tag","embeddable":true,"href":"https:\/\/centrosabia.org.br\/en\/wp-json\/wp\/v2\/tags?post=15858"}],"curies":[{"name":"wp","href":"https:\/\/api.w.org\/{rel}","templated":true}]}}