{"id":32309,"date":"2026-04-28T12:18:39","date_gmt":"2026-04-28T15:18:39","guid":{"rendered":"https:\/\/centrosabia.org.br\/2026\/04\/28\/caatinga-do-esquecimento-a-vanguarda-climatica\/"},"modified":"2026-04-28T12:21:10","modified_gmt":"2026-04-28T15:21:10","slug":"caatinga-do-esquecimento-a-vanguarda-climatica","status":"publish","type":"post","link":"https:\/\/centrosabia.org.br\/en\/2026\/04\/28\/caatinga-do-esquecimento-a-vanguarda-climatica\/","title":{"rendered":"Caatinga, from oblivion to climate vanguard"},"content":{"rendered":"\n<p class=\"has-text-align-center has-palette-color-2-color has-text-color has-link-color has-medium-font-size wp-elements-cbd951bd2d73683ee72e42d735d311df\">Biomes are the kind of knowledge that the world needs and that Brazil insists on ignoring; it&#8217;s not just about the environment, but also economics and development.<\/p>\n\n<p><em><a href=\"https:\/\/www.linkedin.com\/in\/carlosmagnommorais\/\" data-type=\"link\" data-id=\"https:\/\/www.linkedin.com\/in\/carlosmagnommorais\/\">By Carlos Magno de Medeiros Morais<\/a><\/em><br\/>Coordinator of the Sabi\u00e1 Agroecological Development Center and creator of Caatinga Climate Week<\/p>\n\n<div class=\"wp-block-getwid-images-slider has-arrows-inside has-dots-inside has-images-center has-cropped-images\"><div class=\"wp-block-getwid-images-slider__wrapper\" data-effect=\"slide\" data-slides-show=\"1\" data-slides-show-laptop=\"1\" data-slides-show-tablet=\"1\" data-slides-show-mobile=\"1\" data-slides-scroll=\"1\" data-autoplay=\"false\" data-pause-hover=\"false\" data-autoplay-speed=\"6000\" data-infinite=\"true\" data-animation-speed=\"800\" data-center-mode=\"false\" data-variable-width=\"false\" data-arrows=\"inside\" data-dots=\"inside\" data-spacing=\"none\"><div class=\"wp-block-getwid-images-slider__item\"><figure><img loading=\"lazy\" decoding=\"async\" width=\"2560\" height=\"1707\" src=\"https:\/\/centrosabia.org.br\/wp-content\/uploads\/2026\/04\/Foto7-Nay-Jinkings-Acervo-Centro-Sabia-scaled.jpg\" data-id=\"32302\" data-link=\"https:\/\/centrosabia.org.br\/?attachment_id=32302\" data-original-link=\"https:\/\/centrosabia.org.br\/wp-content\/uploads\/2026\/04\/Foto7-Nay-Jinkings-Acervo-Centro-Sabia-scaled.jpg\" class=\"wp-block-getwid-images-slider__image wp-image-32302\" srcset=\"https:\/\/centrosabia.org.br\/wp-content\/uploads\/2026\/04\/Foto7-Nay-Jinkings-Acervo-Centro-Sabia-scaled.jpg 2560w, https:\/\/centrosabia.org.br\/wp-content\/uploads\/2026\/04\/Foto7-Nay-Jinkings-Acervo-Centro-Sabia-300x200.jpg 300w, https:\/\/centrosabia.org.br\/wp-content\/uploads\/2026\/04\/Foto7-Nay-Jinkings-Acervo-Centro-Sabia-1024x683.jpg 1024w, https:\/\/centrosabia.org.br\/wp-content\/uploads\/2026\/04\/Foto7-Nay-Jinkings-Acervo-Centro-Sabia-768x512.jpg 768w, https:\/\/centrosabia.org.br\/wp-content\/uploads\/2026\/04\/Foto7-Nay-Jinkings-Acervo-Centro-Sabia-1536x1024.jpg 1536w, https:\/\/centrosabia.org.br\/wp-content\/uploads\/2026\/04\/Foto7-Nay-Jinkings-Acervo-Centro-Sabia-2048x1366.jpg 2048w\" sizes=\"auto, (max-width: 2560px) 100vw, 2560px\" \/><\/figure><\/div><div class=\"wp-block-getwid-images-slider__item\"><figure><img loading=\"lazy\" decoding=\"async\" width=\"2560\" height=\"1707\" src=\"https:\/\/centrosabia.org.br\/wp-content\/uploads\/2026\/04\/BRAPE_957_KOPP406750.jpg-scaled.jpeg\" data-id=\"32299\" data-link=\"https:\/\/centrosabia.org.br\/?attachment_id=32299\" data-original-link=\"https:\/\/centrosabia.org.br\/wp-content\/uploads\/2026\/04\/BRAPE_957_KOPP406750.jpg-scaled.jpeg\" class=\"wp-block-getwid-images-slider__image wp-image-32299\" srcset=\"https:\/\/centrosabia.org.br\/wp-content\/uploads\/2026\/04\/BRAPE_957_KOPP406750.jpg-scaled.jpeg 2560w, https:\/\/centrosabia.org.br\/wp-content\/uploads\/2026\/04\/BRAPE_957_KOPP406750.jpg-300x200.jpeg 300w, https:\/\/centrosabia.org.br\/wp-content\/uploads\/2026\/04\/BRAPE_957_KOPP406750.jpg-1024x683.jpeg 1024w, https:\/\/centrosabia.org.br\/wp-content\/uploads\/2026\/04\/BRAPE_957_KOPP406750.jpg-768x512.jpeg 768w, https:\/\/centrosabia.org.br\/wp-content\/uploads\/2026\/04\/BRAPE_957_KOPP406750.jpg-1536x1024.jpeg 1536w, https:\/\/centrosabia.org.br\/wp-content\/uploads\/2026\/04\/BRAPE_957_KOPP406750.jpg-2048x1365.jpeg 2048w\" sizes=\"auto, (max-width: 2560px) 100vw, 2560px\" \/><\/figure><\/div><div class=\"wp-block-getwid-images-slider__item\"><figure><img loading=\"lazy\" decoding=\"async\" width=\"2560\" height=\"1707\" src=\"https:\/\/centrosabia.org.br\/wp-content\/uploads\/2026\/04\/Foto-2-scaled.jpg\" data-id=\"32305\" data-link=\"https:\/\/centrosabia.org.br\/?attachment_id=32305\" data-original-link=\"https:\/\/centrosabia.org.br\/wp-content\/uploads\/2026\/04\/Foto-2-scaled.jpg\" class=\"wp-block-getwid-images-slider__image wp-image-32305\" srcset=\"https:\/\/centrosabia.org.br\/wp-content\/uploads\/2026\/04\/Foto-2-scaled.jpg 2560w, https:\/\/centrosabia.org.br\/wp-content\/uploads\/2026\/04\/Foto-2-300x200.jpg 300w, https:\/\/centrosabia.org.br\/wp-content\/uploads\/2026\/04\/Foto-2-1024x683.jpg 1024w, https:\/\/centrosabia.org.br\/wp-content\/uploads\/2026\/04\/Foto-2-768x512.jpg 768w, https:\/\/centrosabia.org.br\/wp-content\/uploads\/2026\/04\/Foto-2-1536x1024.jpg 1536w, https:\/\/centrosabia.org.br\/wp-content\/uploads\/2026\/04\/Foto-2-2048x1365.jpg 2048w\" sizes=\"auto, (max-width: 2560px) 100vw, 2560px\" \/><\/figure><\/div><\/div><\/div>\n\n<p>Do a quick test: open Google, search for &#8220;northeastern hinterland&#8221; and look at the first images for twenty seconds. Then change it to &#8220;northeastern coastline&#8221; and repeat. Where would you choose to spend your vacation? The answer is obvious and that&#8217;s exactly where the problem lies. A region of almost 30 million people, the largest populated semi-arid zone in the world, continues to be represented by cracked earth, hungry children and women carrying water cans on their heads. Ask any artificial intelligence provider to generate an image of the hinterland and another of the coast: the result will be the same. Nigerian writer Chimamanda Adichie&#8217;s &#8220;single story&#8221; strategy continues to populate our minds and, of course, this place called the internet.      <\/p>\n\n<p>But today, April 28, National Caatinga Day, Brazil needs to change its lens and take a better look at this place. The Caatinga is not the biome of backwardness, but the biome that Brazil will need to understand when the climate crisis comes knocking on our door. <\/p>\n\n<p>The Caatinga, in Tupi &#8220;white forest&#8221; due to the gray color of the trees that lose their leaves in the drought, is the only exclusively Brazilian biome. It covers around 11% of the country and is home to species that are unique in the world. Plants that hibernate during the drought and store water in their roots. Dozens of species of native bees that have co-evolved with the local flora over millennia. A biological heritage that, in the midst of global warming, is precisely the kind of knowledge that the world is desperately seeking and that Brazil insists on ignoring.    <\/p>\n\n<p>This invisibility comes at a cost. In November 2023 Cemaden identified the first arid zone between Bahia and Pernambuco, the first desert area in Brazil. And the impact is not just environmental. Half of the country&#8217;s family farming is in the Northeast, according to the latest Agricultural Census. These families are responsible for food production in the region. To degrade the Caatinga is to degrade the food security of an entire people.     <\/p>\n\n<p>But there are other stories to tell. One of them begins with the rain. <\/p>\n\n<p>At the beginning of the 2000s, the Articula\u00e7\u00e3o do Semi\u00e1rido Brasileiro (ASA) proposed something simple and revolutionary: collecting rainwater from the roofs of houses in rural areas and storing it in cisterns. There was no magic, it was a bricklayer from Sergipe who, when he migrated to S\u00e3o Paulo to build swimming pools, decided to make round cisterns that were simpler. This knowledge was tested, systematized and scaled up. The federal government, under pressure from civil society, turned the One Million Cisterns Program into public policy. Today, more than 1.3 million cisterns have been built, bringing drinking water to more than 5 million people on an ongoing basis. It is one of the largest dryland climate adaptation programs in the world.     <\/p>\n\n<p>For decades, the semi-arid region has been treated as a problem region. What the sertanejo communities have built, with little effort and in adverse conditions, proves that it is a solution region in times of climate crisis. An opportunity to get to know it better is through <a href=\"https:\/\/www1.folha.uol.com.br\/ambiente\/2025\/10\/caatinga-climate-week-ignora-eua-e-coloca-semiarido-no-centro-da-adaptacao-climatica.shtml\">Caatinga Climate Week<\/a>, where the protagonists are those who live and produce in the semi-arid region, not those who just talk about it.     <\/p>\n\n<p>Restoring 1 million hectares of Caatinga would generate almost 466,000 jobs and produce more than 7 million tons of food, with a financial return of almost double the investment, according to the Instituto Escolha. It&#8217;s not just about the environment, it&#8217;s about the economy and development. <\/p>\n\n<p>The Caatinga has accumulated centuries of experience with what the climate crisis is now imposing on the entire planet: heat, drought and water irregularity. According to the United Nations Convention to Combat Desertification (UNCCD), 40% of the planet&#8217;s land is already considered dry, putting billions of people at risk of water scarcity in the coming decades. Who would be better prepared to face this future than the people who have been cultivating life, culture and food in these regions for centuries?  <\/p>\n\n<p>The Caatinga has responded to drought for centuries. Now it needs to respond to invisibility. <\/p>\n\n<p><strong>* Reproduced from Folha de S\u00e3o Paulo<\/strong><\/p>\n\n<p><\/p>\n","protected":false},"excerpt":{"rendered":"","protected":false},"author":2,"featured_media":32300,"comment_status":"open","ping_status":"open","sticky":false,"template":"","format":"standard","meta":{"_acf_changed":false,"ano":0,"footnotes":""},"categories":[217],"tags":[],"class_list":["post-32309","post","type-post","status-publish","format-standard","has-post-thumbnail","hentry","category-news"],"blocksy_meta":[],"acf":[],"yoast_head":"<!-- This site is optimized with the Yoast SEO plugin v27.4 - https:\/\/yoast.com\/product\/yoast-seo-wordpress\/ -->\n<title>Caatinga, from oblivion to climate vanguard - Centro de Desenvolvimento Agroecol\u00f3gico Sabi\u00e1<\/title>\n<meta name=\"robots\" content=\"index, follow, max-snippet:-1, max-image-preview:large, max-video-preview:-1\" \/>\n<link rel=\"canonical\" href=\"https:\/\/centrosabia.org.br\/en\/2026\/04\/28\/caatinga-do-esquecimento-a-vanguarda-climatica\/\" \/>\n<meta property=\"og:locale\" content=\"en_US\" \/>\n<meta property=\"og:type\" content=\"article\" \/>\n<meta property=\"og:title\" content=\"Caatinga, from oblivion to climate vanguard - Centro de Desenvolvimento Agroecol\u00f3gico Sabi\u00e1\" \/>\n<meta property=\"og:url\" content=\"https:\/\/centrosabia.org.br\/en\/2026\/04\/28\/caatinga-do-esquecimento-a-vanguarda-climatica\/\" \/>\n<meta property=\"og:site_name\" content=\"Centro de Desenvolvimento Agroecol\u00f3gico Sabi\u00e1\" \/>\n<meta property=\"article:published_time\" content=\"2026-04-28T15:18:39+00:00\" \/>\n<meta property=\"article:modified_time\" content=\"2026-04-28T15:21:10+00:00\" \/>\n<meta property=\"og:image\" content=\"https:\/\/centrosabia.org.br\/wp-content\/uploads\/2026\/04\/BRAPE_957_KOPP406750.jpg-300x200.jpeg\" \/>\n\t<meta property=\"og:image:width\" content=\"300\" \/>\n\t<meta property=\"og:image:height\" content=\"200\" \/>\n\t<meta property=\"og:image:type\" content=\"image\/jpeg\" \/>\n<meta name=\"author\" content=\"Darliton\" \/>\n<meta name=\"twitter:card\" content=\"summary_large_image\" \/>\n<meta name=\"twitter:label1\" content=\"Written by\" \/>\n\t<meta name=\"twitter:data1\" content=\"Darliton\" \/>\n\t<meta name=\"twitter:label2\" content=\"Est. reading time\" \/>\n\t<meta name=\"twitter:data2\" content=\"4 minutes\" \/>\n<script type=\"application\/ld+json\" class=\"yoast-schema-graph\">{\"@context\":\"https:\\\/\\\/schema.org\",\"@graph\":[{\"@type\":\"Article\",\"@id\":\"https:\\\/\\\/centrosabia.org.br\\\/en\\\/2026\\\/04\\\/28\\\/caatinga-do-esquecimento-a-vanguarda-climatica\\\/#article\",\"isPartOf\":{\"@id\":\"https:\\\/\\\/centrosabia.org.br\\\/en\\\/2026\\\/04\\\/28\\\/caatinga-do-esquecimento-a-vanguarda-climatica\\\/\"},\"author\":{\"name\":\"Darliton\",\"@id\":\"https:\\\/\\\/centrosabia.org.br\\\/en\\\/#\\\/schema\\\/person\\\/7e83deaeb43644ce5b93a21b9d24c8d6\"},\"headline\":\"Caatinga, from oblivion to climate vanguard\",\"datePublished\":\"2026-04-28T15:18:39+00:00\",\"dateModified\":\"2026-04-28T15:21:10+00:00\",\"mainEntityOfPage\":{\"@id\":\"https:\\\/\\\/centrosabia.org.br\\\/en\\\/2026\\\/04\\\/28\\\/caatinga-do-esquecimento-a-vanguarda-climatica\\\/\"},\"wordCount\":746,\"commentCount\":0,\"publisher\":{\"@id\":\"https:\\\/\\\/centrosabia.org.br\\\/en\\\/#organization\"},\"image\":{\"@id\":\"https:\\\/\\\/centrosabia.org.br\\\/en\\\/2026\\\/04\\\/28\\\/caatinga-do-esquecimento-a-vanguarda-climatica\\\/#primaryimage\"},\"thumbnailUrl\":\"https:\\\/\\\/centrosabia.org.br\\\/wp-content\\\/uploads\\\/2026\\\/04\\\/BRAPE_957_KOPP406750.jpg-scaled.jpeg\",\"articleSection\":[\"News\"],\"inLanguage\":\"en-US\",\"potentialAction\":[{\"@type\":\"CommentAction\",\"name\":\"Comment\",\"target\":[\"https:\\\/\\\/centrosabia.org.br\\\/en\\\/2026\\\/04\\\/28\\\/caatinga-do-esquecimento-a-vanguarda-climatica\\\/#respond\"]}]},{\"@type\":\"WebPage\",\"@id\":\"https:\\\/\\\/centrosabia.org.br\\\/en\\\/2026\\\/04\\\/28\\\/caatinga-do-esquecimento-a-vanguarda-climatica\\\/\",\"url\":\"https:\\\/\\\/centrosabia.org.br\\\/en\\\/2026\\\/04\\\/28\\\/caatinga-do-esquecimento-a-vanguarda-climatica\\\/\",\"name\":\"Caatinga, from oblivion to climate vanguard - Centro de Desenvolvimento Agroecol\u00f3gico Sabi\u00e1\",\"isPartOf\":{\"@id\":\"https:\\\/\\\/centrosabia.org.br\\\/en\\\/#website\"},\"primaryImageOfPage\":{\"@id\":\"https:\\\/\\\/centrosabia.org.br\\\/en\\\/2026\\\/04\\\/28\\\/caatinga-do-esquecimento-a-vanguarda-climatica\\\/#primaryimage\"},\"image\":{\"@id\":\"https:\\\/\\\/centrosabia.org.br\\\/en\\\/2026\\\/04\\\/28\\\/caatinga-do-esquecimento-a-vanguarda-climatica\\\/#primaryimage\"},\"thumbnailUrl\":\"https:\\\/\\\/centrosabia.org.br\\\/wp-content\\\/uploads\\\/2026\\\/04\\\/BRAPE_957_KOPP406750.jpg-scaled.jpeg\",\"datePublished\":\"2026-04-28T15:18:39+00:00\",\"dateModified\":\"2026-04-28T15:21:10+00:00\",\"breadcrumb\":{\"@id\":\"https:\\\/\\\/centrosabia.org.br\\\/en\\\/2026\\\/04\\\/28\\\/caatinga-do-esquecimento-a-vanguarda-climatica\\\/#breadcrumb\"},\"inLanguage\":\"en-US\",\"potentialAction\":[{\"@type\":\"ReadAction\",\"target\":[\"https:\\\/\\\/centrosabia.org.br\\\/en\\\/2026\\\/04\\\/28\\\/caatinga-do-esquecimento-a-vanguarda-climatica\\\/\"]}]},{\"@type\":\"ImageObject\",\"inLanguage\":\"en-US\",\"@id\":\"https:\\\/\\\/centrosabia.org.br\\\/en\\\/2026\\\/04\\\/28\\\/caatinga-do-esquecimento-a-vanguarda-climatica\\\/#primaryimage\",\"url\":\"https:\\\/\\\/centrosabia.org.br\\\/wp-content\\\/uploads\\\/2026\\\/04\\\/BRAPE_957_KOPP406750.jpg-scaled.jpeg\",\"contentUrl\":\"https:\\\/\\\/centrosabia.org.br\\\/wp-content\\\/uploads\\\/2026\\\/04\\\/BRAPE_957_KOPP406750.jpg-scaled.jpeg\",\"width\":2560,\"height\":1707,\"caption\":\"Zisterne f\u00fcr das Speichern von Wasser ist im trockenen Sertao von gro\u00dfer Bedeutung - Besuch auf dem agro\u00f6kologischen Hof von Desolange Rom\u00e3o da Silva, Projektpartner Centro Sabi\u00e1, Pernambuco, Brasilien\"},{\"@type\":\"BreadcrumbList\",\"@id\":\"https:\\\/\\\/centrosabia.org.br\\\/en\\\/2026\\\/04\\\/28\\\/caatinga-do-esquecimento-a-vanguarda-climatica\\\/#breadcrumb\",\"itemListElement\":[{\"@type\":\"ListItem\",\"position\":1,\"name\":\"In\u00edcio\",\"item\":\"https:\\\/\\\/centrosabia.org.br\\\/en\\\/\"},{\"@type\":\"ListItem\",\"position\":2,\"name\":\"Caatinga, from oblivion to climate vanguard\"}]},{\"@type\":\"WebSite\",\"@id\":\"https:\\\/\\\/centrosabia.org.br\\\/en\\\/#website\",\"url\":\"https:\\\/\\\/centrosabia.org.br\\\/en\\\/\",\"name\":\"Centro de Desenvolvimento Agroecol\u00f3gico Sabi\u00e1\",\"description\":\"\",\"publisher\":{\"@id\":\"https:\\\/\\\/centrosabia.org.br\\\/en\\\/#organization\"},\"potentialAction\":[{\"@type\":\"SearchAction\",\"target\":{\"@type\":\"EntryPoint\",\"urlTemplate\":\"https:\\\/\\\/centrosabia.org.br\\\/en\\\/?s={search_term_string}\"},\"query-input\":{\"@type\":\"PropertyValueSpecification\",\"valueRequired\":true,\"valueName\":\"search_term_string\"}}],\"inLanguage\":\"en-US\"},{\"@type\":\"Organization\",\"@id\":\"https:\\\/\\\/centrosabia.org.br\\\/en\\\/#organization\",\"name\":\"Centro de Desenvolvimento Agroecol\u00f3gico Sabi\u00e1\",\"url\":\"https:\\\/\\\/centrosabia.org.br\\\/en\\\/\",\"logo\":{\"@type\":\"ImageObject\",\"inLanguage\":\"en-US\",\"@id\":\"https:\\\/\\\/centrosabia.org.br\\\/en\\\/#\\\/schema\\\/logo\\\/image\\\/\",\"url\":\"https:\\\/\\\/centrosabia.org.br\\\/wp-content\\\/uploads\\\/2021\\\/10\\\/logo.png\",\"contentUrl\":\"https:\\\/\\\/centrosabia.org.br\\\/wp-content\\\/uploads\\\/2021\\\/10\\\/logo.png\",\"width\":174,\"height\":84,\"caption\":\"Centro de Desenvolvimento Agroecol\u00f3gico Sabi\u00e1\"},\"image\":{\"@id\":\"https:\\\/\\\/centrosabia.org.br\\\/en\\\/#\\\/schema\\\/logo\\\/image\\\/\"}},{\"@type\":\"Person\",\"@id\":\"https:\\\/\\\/centrosabia.org.br\\\/en\\\/#\\\/schema\\\/person\\\/7e83deaeb43644ce5b93a21b9d24c8d6\",\"name\":\"Darliton\",\"image\":{\"@type\":\"ImageObject\",\"inLanguage\":\"en-US\",\"@id\":\"https:\\\/\\\/secure.gravatar.com\\\/avatar\\\/abb43c9d012bc9e4677cba1d82588694a509da0a3479cb06ce66c26da27e1642?s=96&d=mm&r=g\",\"url\":\"https:\\\/\\\/secure.gravatar.com\\\/avatar\\\/abb43c9d012bc9e4677cba1d82588694a509da0a3479cb06ce66c26da27e1642?s=96&d=mm&r=g\",\"contentUrl\":\"https:\\\/\\\/secure.gravatar.com\\\/avatar\\\/abb43c9d012bc9e4677cba1d82588694a509da0a3479cb06ce66c26da27e1642?s=96&d=mm&r=g\",\"caption\":\"Darliton\"},\"description\":\"Comunicador popular, administrador, p\u00f3s-graduado em projetos sociais e pol\u00edticas p\u00fablicas, especialista media social, militante da agroecologia, conviv\u00eancia com semi\u00e1rido, direitos humanos, preserva\u00e7\u00e3o ambiental e direitos de trabalhadoras e trabalhadores.\",\"url\":\"https:\\\/\\\/centrosabia.org.br\\\/en\\\/author\\\/darliton\\\/\"}]}<\/script>\n<!-- \/ Yoast SEO plugin. -->","yoast_head_json":{"title":"Caatinga, from oblivion to climate vanguard - Centro de Desenvolvimento Agroecol\u00f3gico Sabi\u00e1","robots":{"index":"index","follow":"follow","max-snippet":"max-snippet:-1","max-image-preview":"max-image-preview:large","max-video-preview":"max-video-preview:-1"},"canonical":"https:\/\/centrosabia.org.br\/en\/2026\/04\/28\/caatinga-do-esquecimento-a-vanguarda-climatica\/","og_locale":"en_US","og_type":"article","og_title":"Caatinga, from oblivion to climate vanguard - Centro de Desenvolvimento Agroecol\u00f3gico Sabi\u00e1","og_url":"https:\/\/centrosabia.org.br\/en\/2026\/04\/28\/caatinga-do-esquecimento-a-vanguarda-climatica\/","og_site_name":"Centro de Desenvolvimento Agroecol\u00f3gico Sabi\u00e1","article_published_time":"2026-04-28T15:18:39+00:00","article_modified_time":"2026-04-28T15:21:10+00:00","og_image":[{"width":300,"height":200,"url":"https:\/\/centrosabia.org.br\/wp-content\/uploads\/2026\/04\/BRAPE_957_KOPP406750.jpg-300x200.jpeg","type":"image\/jpeg"}],"author":"Darliton","twitter_card":"summary_large_image","twitter_misc":{"Written by":"Darliton","Est. reading time":"4 minutes"},"schema":{"@context":"https:\/\/schema.org","@graph":[{"@type":"Article","@id":"https:\/\/centrosabia.org.br\/en\/2026\/04\/28\/caatinga-do-esquecimento-a-vanguarda-climatica\/#article","isPartOf":{"@id":"https:\/\/centrosabia.org.br\/en\/2026\/04\/28\/caatinga-do-esquecimento-a-vanguarda-climatica\/"},"author":{"name":"Darliton","@id":"https:\/\/centrosabia.org.br\/en\/#\/schema\/person\/7e83deaeb43644ce5b93a21b9d24c8d6"},"headline":"Caatinga, from oblivion to climate vanguard","datePublished":"2026-04-28T15:18:39+00:00","dateModified":"2026-04-28T15:21:10+00:00","mainEntityOfPage":{"@id":"https:\/\/centrosabia.org.br\/en\/2026\/04\/28\/caatinga-do-esquecimento-a-vanguarda-climatica\/"},"wordCount":746,"commentCount":0,"publisher":{"@id":"https:\/\/centrosabia.org.br\/en\/#organization"},"image":{"@id":"https:\/\/centrosabia.org.br\/en\/2026\/04\/28\/caatinga-do-esquecimento-a-vanguarda-climatica\/#primaryimage"},"thumbnailUrl":"https:\/\/centrosabia.org.br\/wp-content\/uploads\/2026\/04\/BRAPE_957_KOPP406750.jpg-scaled.jpeg","articleSection":["News"],"inLanguage":"en-US","potentialAction":[{"@type":"CommentAction","name":"Comment","target":["https:\/\/centrosabia.org.br\/en\/2026\/04\/28\/caatinga-do-esquecimento-a-vanguarda-climatica\/#respond"]}]},{"@type":"WebPage","@id":"https:\/\/centrosabia.org.br\/en\/2026\/04\/28\/caatinga-do-esquecimento-a-vanguarda-climatica\/","url":"https:\/\/centrosabia.org.br\/en\/2026\/04\/28\/caatinga-do-esquecimento-a-vanguarda-climatica\/","name":"Caatinga, from oblivion to climate vanguard - Centro de Desenvolvimento Agroecol\u00f3gico Sabi\u00e1","isPartOf":{"@id":"https:\/\/centrosabia.org.br\/en\/#website"},"primaryImageOfPage":{"@id":"https:\/\/centrosabia.org.br\/en\/2026\/04\/28\/caatinga-do-esquecimento-a-vanguarda-climatica\/#primaryimage"},"image":{"@id":"https:\/\/centrosabia.org.br\/en\/2026\/04\/28\/caatinga-do-esquecimento-a-vanguarda-climatica\/#primaryimage"},"thumbnailUrl":"https:\/\/centrosabia.org.br\/wp-content\/uploads\/2026\/04\/BRAPE_957_KOPP406750.jpg-scaled.jpeg","datePublished":"2026-04-28T15:18:39+00:00","dateModified":"2026-04-28T15:21:10+00:00","breadcrumb":{"@id":"https:\/\/centrosabia.org.br\/en\/2026\/04\/28\/caatinga-do-esquecimento-a-vanguarda-climatica\/#breadcrumb"},"inLanguage":"en-US","potentialAction":[{"@type":"ReadAction","target":["https:\/\/centrosabia.org.br\/en\/2026\/04\/28\/caatinga-do-esquecimento-a-vanguarda-climatica\/"]}]},{"@type":"ImageObject","inLanguage":"en-US","@id":"https:\/\/centrosabia.org.br\/en\/2026\/04\/28\/caatinga-do-esquecimento-a-vanguarda-climatica\/#primaryimage","url":"https:\/\/centrosabia.org.br\/wp-content\/uploads\/2026\/04\/BRAPE_957_KOPP406750.jpg-scaled.jpeg","contentUrl":"https:\/\/centrosabia.org.br\/wp-content\/uploads\/2026\/04\/BRAPE_957_KOPP406750.jpg-scaled.jpeg","width":2560,"height":1707,"caption":"Zisterne f\u00fcr das Speichern von Wasser ist im trockenen Sertao von gro\u00dfer Bedeutung - Besuch auf dem agro\u00f6kologischen Hof von Desolange Rom\u00e3o da Silva, Projektpartner Centro Sabi\u00e1, Pernambuco, Brasilien"},{"@type":"BreadcrumbList","@id":"https:\/\/centrosabia.org.br\/en\/2026\/04\/28\/caatinga-do-esquecimento-a-vanguarda-climatica\/#breadcrumb","itemListElement":[{"@type":"ListItem","position":1,"name":"In\u00edcio","item":"https:\/\/centrosabia.org.br\/en\/"},{"@type":"ListItem","position":2,"name":"Caatinga, from oblivion to climate vanguard"}]},{"@type":"WebSite","@id":"https:\/\/centrosabia.org.br\/en\/#website","url":"https:\/\/centrosabia.org.br\/en\/","name":"Centro de Desenvolvimento Agroecol\u00f3gico Sabi\u00e1","description":"","publisher":{"@id":"https:\/\/centrosabia.org.br\/en\/#organization"},"potentialAction":[{"@type":"SearchAction","target":{"@type":"EntryPoint","urlTemplate":"https:\/\/centrosabia.org.br\/en\/?s={search_term_string}"},"query-input":{"@type":"PropertyValueSpecification","valueRequired":true,"valueName":"search_term_string"}}],"inLanguage":"en-US"},{"@type":"Organization","@id":"https:\/\/centrosabia.org.br\/en\/#organization","name":"Centro de Desenvolvimento Agroecol\u00f3gico Sabi\u00e1","url":"https:\/\/centrosabia.org.br\/en\/","logo":{"@type":"ImageObject","inLanguage":"en-US","@id":"https:\/\/centrosabia.org.br\/en\/#\/schema\/logo\/image\/","url":"https:\/\/centrosabia.org.br\/wp-content\/uploads\/2021\/10\/logo.png","contentUrl":"https:\/\/centrosabia.org.br\/wp-content\/uploads\/2021\/10\/logo.png","width":174,"height":84,"caption":"Centro de Desenvolvimento Agroecol\u00f3gico Sabi\u00e1"},"image":{"@id":"https:\/\/centrosabia.org.br\/en\/#\/schema\/logo\/image\/"}},{"@type":"Person","@id":"https:\/\/centrosabia.org.br\/en\/#\/schema\/person\/7e83deaeb43644ce5b93a21b9d24c8d6","name":"Darliton","image":{"@type":"ImageObject","inLanguage":"en-US","@id":"https:\/\/secure.gravatar.com\/avatar\/abb43c9d012bc9e4677cba1d82588694a509da0a3479cb06ce66c26da27e1642?s=96&d=mm&r=g","url":"https:\/\/secure.gravatar.com\/avatar\/abb43c9d012bc9e4677cba1d82588694a509da0a3479cb06ce66c26da27e1642?s=96&d=mm&r=g","contentUrl":"https:\/\/secure.gravatar.com\/avatar\/abb43c9d012bc9e4677cba1d82588694a509da0a3479cb06ce66c26da27e1642?s=96&d=mm&r=g","caption":"Darliton"},"description":"Comunicador popular, administrador, p\u00f3s-graduado em projetos sociais e pol\u00edticas p\u00fablicas, especialista media social, militante da agroecologia, conviv\u00eancia com semi\u00e1rido, direitos humanos, preserva\u00e7\u00e3o ambiental e direitos de trabalhadoras e trabalhadores.","url":"https:\/\/centrosabia.org.br\/en\/author\/darliton\/"}]}},"_links":{"self":[{"href":"https:\/\/centrosabia.org.br\/en\/wp-json\/wp\/v2\/posts\/32309","targetHints":{"allow":["GET"]}}],"collection":[{"href":"https:\/\/centrosabia.org.br\/en\/wp-json\/wp\/v2\/posts"}],"about":[{"href":"https:\/\/centrosabia.org.br\/en\/wp-json\/wp\/v2\/types\/post"}],"author":[{"embeddable":true,"href":"https:\/\/centrosabia.org.br\/en\/wp-json\/wp\/v2\/users\/2"}],"replies":[{"embeddable":true,"href":"https:\/\/centrosabia.org.br\/en\/wp-json\/wp\/v2\/comments?post=32309"}],"version-history":[{"count":2,"href":"https:\/\/centrosabia.org.br\/en\/wp-json\/wp\/v2\/posts\/32309\/revisions"}],"predecessor-version":[{"id":32312,"href":"https:\/\/centrosabia.org.br\/en\/wp-json\/wp\/v2\/posts\/32309\/revisions\/32312"}],"wp:featuredmedia":[{"embeddable":true,"href":"https:\/\/centrosabia.org.br\/en\/wp-json\/wp\/v2\/media\/32300"}],"wp:attachment":[{"href":"https:\/\/centrosabia.org.br\/en\/wp-json\/wp\/v2\/media?parent=32309"}],"wp:term":[{"taxonomy":"category","embeddable":true,"href":"https:\/\/centrosabia.org.br\/en\/wp-json\/wp\/v2\/categories?post=32309"},{"taxonomy":"post_tag","embeddable":true,"href":"https:\/\/centrosabia.org.br\/en\/wp-json\/wp\/v2\/tags?post=32309"}],"curies":[{"name":"wp","href":"https:\/\/api.w.org\/{rel}","templated":true}]}}