{"id":32339,"date":"2026-04-28T19:16:11","date_gmt":"2026-04-28T22:16:11","guid":{"rendered":"https:\/\/centrosabia.org.br\/2026\/04\/28\/dia-da-caatinga-ganha-projecoes-em-sao-paulo-brasilia-e-recife-para-falar-sobre-o-bioma-e-a-crise-do-clima\/"},"modified":"2026-04-28T19:20:55","modified_gmt":"2026-04-28T22:20:55","slug":"dia-da-caatinga-ganha-projecoes-em-sao-paulo-brasilia-e-recife-para-falar-sobre-o-bioma-e-a-crise-do-clima","status":"publish","type":"post","link":"https:\/\/centrosabia.org.br\/en\/2026\/04\/28\/dia-da-caatinga-ganha-projecoes-em-sao-paulo-brasilia-e-recife-para-falar-sobre-o-bioma-e-a-crise-do-clima\/","title":{"rendered":"Caatinga Day gets screenings in S\u00e3o Paulo, Bras\u00edlia and Recife to talk about the biome and the climate crisis"},"content":{"rendered":"\n<p class=\"has-text-align-center has-palette-color-1-color has-text-color has-link-color has-medium-font-size wp-elements-d08a8a52856c8e30356bb721ea6e6680\"><em>Actions carried out by Centro Sabi\u00e1 and Instituto Socioambiental (ISA), in partnership with Projetemos, mark National Caatinga Day<\/em><\/p>\n\n<div class=\"wp-block-getwid-images-slider has-arrows-inside has-dots-inside has-images-center has-cropped-images\"><div class=\"wp-block-getwid-images-slider__wrapper\" data-effect=\"slide\" data-slides-show=\"1\" data-slides-show-laptop=\"1\" data-slides-show-tablet=\"1\" data-slides-show-mobile=\"1\" data-slides-scroll=\"1\" data-autoplay=\"false\" data-pause-hover=\"false\" data-autoplay-speed=\"6000\" data-infinite=\"true\" data-animation-speed=\"800\" data-center-mode=\"false\" data-variable-width=\"false\" data-arrows=\"inside\" data-dots=\"inside\" data-spacing=\"none\"><div class=\"wp-block-getwid-images-slider__item\"><figure><img loading=\"lazy\" decoding=\"async\" width=\"2560\" height=\"853\" src=\"https:\/\/centrosabia.org.br\/wp-content\/uploads\/2026\/04\/Foto-Centro-Sabia-3-scaled.png\" data-id=\"32323\" data-link=\"https:\/\/centrosabia.org.br\/?attachment_id=32323\" data-original-link=\"https:\/\/centrosabia.org.br\/wp-content\/uploads\/2026\/04\/Foto-Centro-Sabia-3-scaled.png\" class=\"wp-block-getwid-images-slider__image wp-image-32323\" srcset=\"https:\/\/centrosabia.org.br\/wp-content\/uploads\/2026\/04\/Foto-Centro-Sabia-3-scaled.png 2560w, https:\/\/centrosabia.org.br\/wp-content\/uploads\/2026\/04\/Foto-Centro-Sabia-3-300x100.png 300w, https:\/\/centrosabia.org.br\/wp-content\/uploads\/2026\/04\/Foto-Centro-Sabia-3-1024x341.png 1024w, https:\/\/centrosabia.org.br\/wp-content\/uploads\/2026\/04\/Foto-Centro-Sabia-3-768x256.png 768w, https:\/\/centrosabia.org.br\/wp-content\/uploads\/2026\/04\/Foto-Centro-Sabia-3-1536x512.png 1536w, https:\/\/centrosabia.org.br\/wp-content\/uploads\/2026\/04\/Foto-Centro-Sabia-3-2048x683.png 2048w\" sizes=\"auto, (max-width: 2560px) 100vw, 2560px\" \/><\/figure><\/div><div class=\"wp-block-getwid-images-slider__item\"><figure><img loading=\"lazy\" decoding=\"async\" width=\"2560\" height=\"853\" src=\"https:\/\/centrosabia.org.br\/wp-content\/uploads\/2026\/04\/Foto-Centro-Sabia-5-scaled.png\" data-id=\"32329\" data-link=\"https:\/\/centrosabia.org.br\/?attachment_id=32329\" data-original-link=\"https:\/\/centrosabia.org.br\/wp-content\/uploads\/2026\/04\/Foto-Centro-Sabia-5-scaled.png\" class=\"wp-block-getwid-images-slider__image wp-image-32329\" srcset=\"https:\/\/centrosabia.org.br\/wp-content\/uploads\/2026\/04\/Foto-Centro-Sabia-5-scaled.png 2560w, https:\/\/centrosabia.org.br\/wp-content\/uploads\/2026\/04\/Foto-Centro-Sabia-5-300x100.png 300w, https:\/\/centrosabia.org.br\/wp-content\/uploads\/2026\/04\/Foto-Centro-Sabia-5-1024x341.png 1024w, https:\/\/centrosabia.org.br\/wp-content\/uploads\/2026\/04\/Foto-Centro-Sabia-5-768x256.png 768w, https:\/\/centrosabia.org.br\/wp-content\/uploads\/2026\/04\/Foto-Centro-Sabia-5-1536x512.png 1536w, https:\/\/centrosabia.org.br\/wp-content\/uploads\/2026\/04\/Foto-Centro-Sabia-5-2048x683.png 2048w\" sizes=\"auto, (max-width: 2560px) 100vw, 2560px\" \/><\/figure><\/div><div class=\"wp-block-getwid-images-slider__item\"><figure><img loading=\"lazy\" decoding=\"async\" width=\"2560\" height=\"853\" src=\"https:\/\/centrosabia.org.br\/wp-content\/uploads\/2026\/04\/Foto-Centro-Sabia-7-scaled.png\" data-id=\"32332\" data-link=\"https:\/\/centrosabia.org.br\/?attachment_id=32332\" data-original-link=\"https:\/\/centrosabia.org.br\/wp-content\/uploads\/2026\/04\/Foto-Centro-Sabia-7-scaled.png\" class=\"wp-block-getwid-images-slider__image wp-image-32332\" srcset=\"https:\/\/centrosabia.org.br\/wp-content\/uploads\/2026\/04\/Foto-Centro-Sabia-7-scaled.png 2560w, https:\/\/centrosabia.org.br\/wp-content\/uploads\/2026\/04\/Foto-Centro-Sabia-7-300x100.png 300w, https:\/\/centrosabia.org.br\/wp-content\/uploads\/2026\/04\/Foto-Centro-Sabia-7-1024x341.png 1024w, https:\/\/centrosabia.org.br\/wp-content\/uploads\/2026\/04\/Foto-Centro-Sabia-7-768x256.png 768w, https:\/\/centrosabia.org.br\/wp-content\/uploads\/2026\/04\/Foto-Centro-Sabia-7-1536x512.png 1536w, https:\/\/centrosabia.org.br\/wp-content\/uploads\/2026\/04\/Foto-Centro-Sabia-7-2048x683.png 2048w\" sizes=\"auto, (max-width: 2560px) 100vw, 2560px\" \/><\/figure><\/div><div class=\"wp-block-getwid-images-slider__item\"><figure><img loading=\"lazy\" decoding=\"async\" width=\"2560\" height=\"853\" src=\"https:\/\/centrosabia.org.br\/wp-content\/uploads\/2026\/04\/Foto-Centro-Sabia-8-scaled.png\" data-id=\"32335\" data-link=\"https:\/\/centrosabia.org.br\/?attachment_id=32335\" data-original-link=\"https:\/\/centrosabia.org.br\/wp-content\/uploads\/2026\/04\/Foto-Centro-Sabia-8-scaled.png\" class=\"wp-block-getwid-images-slider__image wp-image-32335\" srcset=\"https:\/\/centrosabia.org.br\/wp-content\/uploads\/2026\/04\/Foto-Centro-Sabia-8-scaled.png 2560w, https:\/\/centrosabia.org.br\/wp-content\/uploads\/2026\/04\/Foto-Centro-Sabia-8-300x100.png 300w, https:\/\/centrosabia.org.br\/wp-content\/uploads\/2026\/04\/Foto-Centro-Sabia-8-1024x341.png 1024w, https:\/\/centrosabia.org.br\/wp-content\/uploads\/2026\/04\/Foto-Centro-Sabia-8-768x256.png 768w, https:\/\/centrosabia.org.br\/wp-content\/uploads\/2026\/04\/Foto-Centro-Sabia-8-1536x512.png 1536w, https:\/\/centrosabia.org.br\/wp-content\/uploads\/2026\/04\/Foto-Centro-Sabia-8-2048x683.png 2048w\" sizes=\"auto, (max-width: 2560px) 100vw, 2560px\" \/><\/figure><\/div><div class=\"wp-block-getwid-images-slider__item\"><figure><img loading=\"lazy\" decoding=\"async\" width=\"2560\" height=\"853\" src=\"https:\/\/centrosabia.org.br\/wp-content\/uploads\/2026\/04\/Foto-Centro-Sabia-4-scaled.png\" data-id=\"32326\" data-link=\"https:\/\/centrosabia.org.br\/?attachment_id=32326\" data-original-link=\"https:\/\/centrosabia.org.br\/wp-content\/uploads\/2026\/04\/Foto-Centro-Sabia-4-scaled.png\" class=\"wp-block-getwid-images-slider__image wp-image-32326\" srcset=\"https:\/\/centrosabia.org.br\/wp-content\/uploads\/2026\/04\/Foto-Centro-Sabia-4-scaled.png 2560w, https:\/\/centrosabia.org.br\/wp-content\/uploads\/2026\/04\/Foto-Centro-Sabia-4-300x100.png 300w, https:\/\/centrosabia.org.br\/wp-content\/uploads\/2026\/04\/Foto-Centro-Sabia-4-1024x341.png 1024w, https:\/\/centrosabia.org.br\/wp-content\/uploads\/2026\/04\/Foto-Centro-Sabia-4-768x256.png 768w, https:\/\/centrosabia.org.br\/wp-content\/uploads\/2026\/04\/Foto-Centro-Sabia-4-1536x512.png 1536w, https:\/\/centrosabia.org.br\/wp-content\/uploads\/2026\/04\/Foto-Centro-Sabia-4-2048x683.png 2048w\" sizes=\"auto, (max-width: 2560px) 100vw, 2560px\" \/><\/figure><\/div><div class=\"wp-block-getwid-images-slider__item\"><figure><img loading=\"lazy\" decoding=\"async\" width=\"2560\" height=\"853\" src=\"https:\/\/centrosabia.org.br\/wp-content\/uploads\/2026\/04\/Foto-Centro-Sabia-2-scaled.png\" data-id=\"32320\" data-link=\"https:\/\/centrosabia.org.br\/?attachment_id=32320\" data-original-link=\"https:\/\/centrosabia.org.br\/wp-content\/uploads\/2026\/04\/Foto-Centro-Sabia-2-scaled.png\" class=\"wp-block-getwid-images-slider__image wp-image-32320\" srcset=\"https:\/\/centrosabia.org.br\/wp-content\/uploads\/2026\/04\/Foto-Centro-Sabia-2-scaled.png 2560w, https:\/\/centrosabia.org.br\/wp-content\/uploads\/2026\/04\/Foto-Centro-Sabia-2-300x100.png 300w, https:\/\/centrosabia.org.br\/wp-content\/uploads\/2026\/04\/Foto-Centro-Sabia-2-1024x341.png 1024w, https:\/\/centrosabia.org.br\/wp-content\/uploads\/2026\/04\/Foto-Centro-Sabia-2-768x256.png 768w, https:\/\/centrosabia.org.br\/wp-content\/uploads\/2026\/04\/Foto-Centro-Sabia-2-1536x512.png 1536w, https:\/\/centrosabia.org.br\/wp-content\/uploads\/2026\/04\/Foto-Centro-Sabia-2-2048x683.png 2048w\" sizes=\"auto, (max-width: 2560px) 100vw, 2560px\" \/><\/figure><\/div><div class=\"wp-block-getwid-images-slider__item\"><figure><img loading=\"lazy\" decoding=\"async\" width=\"2560\" height=\"853\" src=\"https:\/\/centrosabia.org.br\/wp-content\/uploads\/2026\/04\/Foto-Centro-Sabia-1-scaled.png\" data-id=\"32317\" data-link=\"https:\/\/centrosabia.org.br\/?attachment_id=32317\" data-original-link=\"https:\/\/centrosabia.org.br\/wp-content\/uploads\/2026\/04\/Foto-Centro-Sabia-1-scaled.png\" class=\"wp-block-getwid-images-slider__image wp-image-32317\" srcset=\"https:\/\/centrosabia.org.br\/wp-content\/uploads\/2026\/04\/Foto-Centro-Sabia-1-scaled.png 2560w, https:\/\/centrosabia.org.br\/wp-content\/uploads\/2026\/04\/Foto-Centro-Sabia-1-300x100.png 300w, https:\/\/centrosabia.org.br\/wp-content\/uploads\/2026\/04\/Foto-Centro-Sabia-1-1024x341.png 1024w, https:\/\/centrosabia.org.br\/wp-content\/uploads\/2026\/04\/Foto-Centro-Sabia-1-768x256.png 768w, https:\/\/centrosabia.org.br\/wp-content\/uploads\/2026\/04\/Foto-Centro-Sabia-1-1536x512.png 1536w, https:\/\/centrosabia.org.br\/wp-content\/uploads\/2026\/04\/Foto-Centro-Sabia-1-2048x683.png 2048w\" sizes=\"auto, (max-width: 2560px) 100vw, 2560px\" \/><\/figure><\/div><\/div><\/div>\n\n<p>The <a href=\"https:\/\/centrosabia.org.br\/en\/\">Sabi\u00e1 Center<\/a> and the Socio-Environmental Institute<a href=\"https:\/\/www.socioambiental.org\/\">(ISA<\/a>), in partnership with <a href=\"https:\/\/www.projetemos.org\/?utm_source=ig&amp;utm_medium=social&amp;utm_content=link_in_bio&amp;fbclid=PAZXh0bgNhZW0CMTEAc3J0YwZhcHBfaWQMMjU2MjgxMDQwNTU4AAGnm4N8bEr25uBqvecHwVBfqUTZ6QPWAEi8hScOpqCc_ZlT7Gzb9N3kvqptqw0_aem_OoHUUoa507m0B2PuatygsA\">Projetemos<\/a>, are making interventions on buildings this Tuesday, April 28 &#8211; &#8220;National Caatinga Day&#8221;. The initiative aims to highlight the climate adaptation solutions developed by the Caatinga, which many people are still unaware of. The projections will take place between 6pm and 8pm in the cities of S\u00e3o Paulo and Bras\u00edlia.  <\/p>\n\n<p>The Caatinga is found in much of the Northeast and in the north of Minas Gerais, a region with almost 30 million people and the largest populated semi-arid zone in the world. It occupies 11% of the country&#8217;s territory and is an exclusively Brazilian biome, full of resilient species that hibernate during droughts and store water in their roots. But with the first rain, a powerful bloom transforms the white forest into an explosion of colors, capable of neutralizing more carbon than other Brazilian biomes, showing life and resilience. In times of climate crisis, the knowledge of the Caatinga reflects centuries of experiences that are concrete adaptation responses for Brazil and the world.     <\/p>\n\n<p>The projections for Caatinga Day provoke and inspire reflection with a call to this historically invisible biome. Poison-free food production, Creole seed banks and agroforestry working towards environmental recovery, among other actions resulting from public policies won over the last 30 years, have transformed people&#8217;s lives in a harmonious coexistence full of lessons that encompass the environment, economy and development. <br\/><br\/>Many of these experiences will be on display at the second edition of <a href=\"https:\/\/www.instagram.com\/caatingaclimateweek\/\">Caatinga Climate Week<\/a>, which will take place from July 1 to 3, 2026, in the agreste region of Pernambuco. Unlike climate weeks around the world, at Caatinga Climate Week the panels are led by the people in their own territories, sharing practical adaptation solutions and putting the Caatinga at the center of the climate debate. <\/p>\n\n<p><\/p>\n","protected":false},"excerpt":{"rendered":"","protected":false},"author":2,"featured_media":32318,"comment_status":"open","ping_status":"open","sticky":false,"template":"","format":"standard","meta":{"_acf_changed":false,"ano":0,"footnotes":""},"categories":[217],"tags":[],"class_list":["post-32339","post","type-post","status-publish","format-standard","has-post-thumbnail","hentry","category-news"],"blocksy_meta":[],"acf":[],"yoast_head":"<!-- This site is optimized with the Yoast SEO plugin v27.4 - https:\/\/yoast.com\/product\/yoast-seo-wordpress\/ -->\n<title>Caatinga Day gets screenings in S\u00e3o Paulo, Bras\u00edlia and Recife to talk about the biome and the climate crisis - Centro de Desenvolvimento Agroecol\u00f3gico Sabi\u00e1<\/title>\n<meta name=\"robots\" content=\"index, follow, max-snippet:-1, max-image-preview:large, max-video-preview:-1\" \/>\n<link rel=\"canonical\" href=\"https:\/\/centrosabia.org.br\/en\/2026\/04\/28\/dia-da-caatinga-ganha-projecoes-em-sao-paulo-brasilia-e-recife-para-falar-sobre-o-bioma-e-a-crise-do-clima\/\" \/>\n<meta property=\"og:locale\" content=\"en_US\" \/>\n<meta property=\"og:type\" content=\"article\" \/>\n<meta property=\"og:title\" content=\"Caatinga Day gets screenings in S\u00e3o Paulo, Bras\u00edlia and Recife to talk about the biome and the climate crisis - Centro de Desenvolvimento Agroecol\u00f3gico Sabi\u00e1\" \/>\n<meta property=\"og:url\" content=\"https:\/\/centrosabia.org.br\/en\/2026\/04\/28\/dia-da-caatinga-ganha-projecoes-em-sao-paulo-brasilia-e-recife-para-falar-sobre-o-bioma-e-a-crise-do-clima\/\" \/>\n<meta property=\"og:site_name\" content=\"Centro de Desenvolvimento Agroecol\u00f3gico Sabi\u00e1\" \/>\n<meta property=\"article:published_time\" content=\"2026-04-28T22:16:11+00:00\" \/>\n<meta property=\"article:modified_time\" content=\"2026-04-28T22:20:55+00:00\" \/>\n<meta property=\"og:image\" content=\"https:\/\/centrosabia.org.br\/wp-content\/uploads\/2026\/04\/Foto-Centro-Sabia-1-300x100.png\" \/>\n\t<meta property=\"og:image:width\" content=\"300\" \/>\n\t<meta property=\"og:image:height\" content=\"100\" \/>\n\t<meta property=\"og:image:type\" content=\"image\/png\" \/>\n<meta name=\"author\" content=\"Darliton\" \/>\n<meta name=\"twitter:card\" content=\"summary_large_image\" \/>\n<meta name=\"twitter:label1\" content=\"Written by\" \/>\n\t<meta name=\"twitter:data1\" content=\"Darliton\" \/>\n\t<meta name=\"twitter:label2\" content=\"Est. reading time\" \/>\n\t<meta name=\"twitter:data2\" content=\"2 minutes\" \/>\n<script type=\"application\/ld+json\" class=\"yoast-schema-graph\">{\"@context\":\"https:\\\/\\\/schema.org\",\"@graph\":[{\"@type\":\"Article\",\"@id\":\"https:\\\/\\\/centrosabia.org.br\\\/en\\\/2026\\\/04\\\/28\\\/dia-da-caatinga-ganha-projecoes-em-sao-paulo-brasilia-e-recife-para-falar-sobre-o-bioma-e-a-crise-do-clima\\\/#article\",\"isPartOf\":{\"@id\":\"https:\\\/\\\/centrosabia.org.br\\\/en\\\/2026\\\/04\\\/28\\\/dia-da-caatinga-ganha-projecoes-em-sao-paulo-brasilia-e-recife-para-falar-sobre-o-bioma-e-a-crise-do-clima\\\/\"},\"author\":{\"name\":\"Darliton\",\"@id\":\"https:\\\/\\\/centrosabia.org.br\\\/en\\\/#\\\/schema\\\/person\\\/7e83deaeb43644ce5b93a21b9d24c8d6\"},\"headline\":\"Caatinga Day gets screenings in S\u00e3o Paulo, Bras\u00edlia and Recife to talk about the biome and the climate crisis\",\"datePublished\":\"2026-04-28T22:16:11+00:00\",\"dateModified\":\"2026-04-28T22:20:55+00:00\",\"mainEntityOfPage\":{\"@id\":\"https:\\\/\\\/centrosabia.org.br\\\/en\\\/2026\\\/04\\\/28\\\/dia-da-caatinga-ganha-projecoes-em-sao-paulo-brasilia-e-recife-para-falar-sobre-o-bioma-e-a-crise-do-clima\\\/\"},\"wordCount\":339,\"commentCount\":0,\"publisher\":{\"@id\":\"https:\\\/\\\/centrosabia.org.br\\\/en\\\/#organization\"},\"image\":{\"@id\":\"https:\\\/\\\/centrosabia.org.br\\\/en\\\/2026\\\/04\\\/28\\\/dia-da-caatinga-ganha-projecoes-em-sao-paulo-brasilia-e-recife-para-falar-sobre-o-bioma-e-a-crise-do-clima\\\/#primaryimage\"},\"thumbnailUrl\":\"https:\\\/\\\/centrosabia.org.br\\\/wp-content\\\/uploads\\\/2026\\\/04\\\/Foto-Centro-Sabia-1-scaled.png\",\"articleSection\":[\"News\"],\"inLanguage\":\"en-US\",\"potentialAction\":[{\"@type\":\"CommentAction\",\"name\":\"Comment\",\"target\":[\"https:\\\/\\\/centrosabia.org.br\\\/en\\\/2026\\\/04\\\/28\\\/dia-da-caatinga-ganha-projecoes-em-sao-paulo-brasilia-e-recife-para-falar-sobre-o-bioma-e-a-crise-do-clima\\\/#respond\"]}]},{\"@type\":\"WebPage\",\"@id\":\"https:\\\/\\\/centrosabia.org.br\\\/en\\\/2026\\\/04\\\/28\\\/dia-da-caatinga-ganha-projecoes-em-sao-paulo-brasilia-e-recife-para-falar-sobre-o-bioma-e-a-crise-do-clima\\\/\",\"url\":\"https:\\\/\\\/centrosabia.org.br\\\/en\\\/2026\\\/04\\\/28\\\/dia-da-caatinga-ganha-projecoes-em-sao-paulo-brasilia-e-recife-para-falar-sobre-o-bioma-e-a-crise-do-clima\\\/\",\"name\":\"Caatinga Day gets screenings in S\u00e3o Paulo, Bras\u00edlia and Recife to talk about the biome and the climate crisis - Centro de Desenvolvimento Agroecol\u00f3gico Sabi\u00e1\",\"isPartOf\":{\"@id\":\"https:\\\/\\\/centrosabia.org.br\\\/en\\\/#website\"},\"primaryImageOfPage\":{\"@id\":\"https:\\\/\\\/centrosabia.org.br\\\/en\\\/2026\\\/04\\\/28\\\/dia-da-caatinga-ganha-projecoes-em-sao-paulo-brasilia-e-recife-para-falar-sobre-o-bioma-e-a-crise-do-clima\\\/#primaryimage\"},\"image\":{\"@id\":\"https:\\\/\\\/centrosabia.org.br\\\/en\\\/2026\\\/04\\\/28\\\/dia-da-caatinga-ganha-projecoes-em-sao-paulo-brasilia-e-recife-para-falar-sobre-o-bioma-e-a-crise-do-clima\\\/#primaryimage\"},\"thumbnailUrl\":\"https:\\\/\\\/centrosabia.org.br\\\/wp-content\\\/uploads\\\/2026\\\/04\\\/Foto-Centro-Sabia-1-scaled.png\",\"datePublished\":\"2026-04-28T22:16:11+00:00\",\"dateModified\":\"2026-04-28T22:20:55+00:00\",\"breadcrumb\":{\"@id\":\"https:\\\/\\\/centrosabia.org.br\\\/en\\\/2026\\\/04\\\/28\\\/dia-da-caatinga-ganha-projecoes-em-sao-paulo-brasilia-e-recife-para-falar-sobre-o-bioma-e-a-crise-do-clima\\\/#breadcrumb\"},\"inLanguage\":\"en-US\",\"potentialAction\":[{\"@type\":\"ReadAction\",\"target\":[\"https:\\\/\\\/centrosabia.org.br\\\/en\\\/2026\\\/04\\\/28\\\/dia-da-caatinga-ganha-projecoes-em-sao-paulo-brasilia-e-recife-para-falar-sobre-o-bioma-e-a-crise-do-clima\\\/\"]}]},{\"@type\":\"ImageObject\",\"inLanguage\":\"en-US\",\"@id\":\"https:\\\/\\\/centrosabia.org.br\\\/en\\\/2026\\\/04\\\/28\\\/dia-da-caatinga-ganha-projecoes-em-sao-paulo-brasilia-e-recife-para-falar-sobre-o-bioma-e-a-crise-do-clima\\\/#primaryimage\",\"url\":\"https:\\\/\\\/centrosabia.org.br\\\/wp-content\\\/uploads\\\/2026\\\/04\\\/Foto-Centro-Sabia-1-scaled.png\",\"contentUrl\":\"https:\\\/\\\/centrosabia.org.br\\\/wp-content\\\/uploads\\\/2026\\\/04\\\/Foto-Centro-Sabia-1-scaled.png\",\"width\":2560,\"height\":853},{\"@type\":\"BreadcrumbList\",\"@id\":\"https:\\\/\\\/centrosabia.org.br\\\/en\\\/2026\\\/04\\\/28\\\/dia-da-caatinga-ganha-projecoes-em-sao-paulo-brasilia-e-recife-para-falar-sobre-o-bioma-e-a-crise-do-clima\\\/#breadcrumb\",\"itemListElement\":[{\"@type\":\"ListItem\",\"position\":1,\"name\":\"In\u00edcio\",\"item\":\"https:\\\/\\\/centrosabia.org.br\\\/en\\\/\"},{\"@type\":\"ListItem\",\"position\":2,\"name\":\"Caatinga Day gets screenings in S\u00e3o Paulo, Bras\u00edlia and Recife to talk about the biome and the climate crisis\"}]},{\"@type\":\"WebSite\",\"@id\":\"https:\\\/\\\/centrosabia.org.br\\\/en\\\/#website\",\"url\":\"https:\\\/\\\/centrosabia.org.br\\\/en\\\/\",\"name\":\"Centro de Desenvolvimento Agroecol\u00f3gico Sabi\u00e1\",\"description\":\"\",\"publisher\":{\"@id\":\"https:\\\/\\\/centrosabia.org.br\\\/en\\\/#organization\"},\"potentialAction\":[{\"@type\":\"SearchAction\",\"target\":{\"@type\":\"EntryPoint\",\"urlTemplate\":\"https:\\\/\\\/centrosabia.org.br\\\/en\\\/?s={search_term_string}\"},\"query-input\":{\"@type\":\"PropertyValueSpecification\",\"valueRequired\":true,\"valueName\":\"search_term_string\"}}],\"inLanguage\":\"en-US\"},{\"@type\":\"Organization\",\"@id\":\"https:\\\/\\\/centrosabia.org.br\\\/en\\\/#organization\",\"name\":\"Centro de Desenvolvimento Agroecol\u00f3gico Sabi\u00e1\",\"url\":\"https:\\\/\\\/centrosabia.org.br\\\/en\\\/\",\"logo\":{\"@type\":\"ImageObject\",\"inLanguage\":\"en-US\",\"@id\":\"https:\\\/\\\/centrosabia.org.br\\\/en\\\/#\\\/schema\\\/logo\\\/image\\\/\",\"url\":\"https:\\\/\\\/centrosabia.org.br\\\/wp-content\\\/uploads\\\/2021\\\/10\\\/logo.png\",\"contentUrl\":\"https:\\\/\\\/centrosabia.org.br\\\/wp-content\\\/uploads\\\/2021\\\/10\\\/logo.png\",\"width\":174,\"height\":84,\"caption\":\"Centro de Desenvolvimento Agroecol\u00f3gico Sabi\u00e1\"},\"image\":{\"@id\":\"https:\\\/\\\/centrosabia.org.br\\\/en\\\/#\\\/schema\\\/logo\\\/image\\\/\"}},{\"@type\":\"Person\",\"@id\":\"https:\\\/\\\/centrosabia.org.br\\\/en\\\/#\\\/schema\\\/person\\\/7e83deaeb43644ce5b93a21b9d24c8d6\",\"name\":\"Darliton\",\"image\":{\"@type\":\"ImageObject\",\"inLanguage\":\"en-US\",\"@id\":\"https:\\\/\\\/secure.gravatar.com\\\/avatar\\\/abb43c9d012bc9e4677cba1d82588694a509da0a3479cb06ce66c26da27e1642?s=96&d=mm&r=g\",\"url\":\"https:\\\/\\\/secure.gravatar.com\\\/avatar\\\/abb43c9d012bc9e4677cba1d82588694a509da0a3479cb06ce66c26da27e1642?s=96&d=mm&r=g\",\"contentUrl\":\"https:\\\/\\\/secure.gravatar.com\\\/avatar\\\/abb43c9d012bc9e4677cba1d82588694a509da0a3479cb06ce66c26da27e1642?s=96&d=mm&r=g\",\"caption\":\"Darliton\"},\"description\":\"Comunicador popular, administrador, p\u00f3s-graduado em projetos sociais e pol\u00edticas p\u00fablicas, especialista media social, militante da agroecologia, conviv\u00eancia com semi\u00e1rido, direitos humanos, preserva\u00e7\u00e3o ambiental e direitos de trabalhadoras e trabalhadores.\",\"url\":\"https:\\\/\\\/centrosabia.org.br\\\/en\\\/author\\\/darliton\\\/\"}]}<\/script>\n<!-- \/ Yoast SEO plugin. -->","yoast_head_json":{"title":"Caatinga Day gets screenings in S\u00e3o Paulo, Bras\u00edlia and Recife to talk about the biome and the climate crisis - Centro de Desenvolvimento Agroecol\u00f3gico Sabi\u00e1","robots":{"index":"index","follow":"follow","max-snippet":"max-snippet:-1","max-image-preview":"max-image-preview:large","max-video-preview":"max-video-preview:-1"},"canonical":"https:\/\/centrosabia.org.br\/en\/2026\/04\/28\/dia-da-caatinga-ganha-projecoes-em-sao-paulo-brasilia-e-recife-para-falar-sobre-o-bioma-e-a-crise-do-clima\/","og_locale":"en_US","og_type":"article","og_title":"Caatinga Day gets screenings in S\u00e3o Paulo, Bras\u00edlia and Recife to talk about the biome and the climate crisis - Centro de Desenvolvimento Agroecol\u00f3gico Sabi\u00e1","og_url":"https:\/\/centrosabia.org.br\/en\/2026\/04\/28\/dia-da-caatinga-ganha-projecoes-em-sao-paulo-brasilia-e-recife-para-falar-sobre-o-bioma-e-a-crise-do-clima\/","og_site_name":"Centro de Desenvolvimento Agroecol\u00f3gico Sabi\u00e1","article_published_time":"2026-04-28T22:16:11+00:00","article_modified_time":"2026-04-28T22:20:55+00:00","og_image":[{"width":300,"height":100,"url":"https:\/\/centrosabia.org.br\/wp-content\/uploads\/2026\/04\/Foto-Centro-Sabia-1-300x100.png","type":"image\/png"}],"author":"Darliton","twitter_card":"summary_large_image","twitter_misc":{"Written by":"Darliton","Est. reading time":"2 minutes"},"schema":{"@context":"https:\/\/schema.org","@graph":[{"@type":"Article","@id":"https:\/\/centrosabia.org.br\/en\/2026\/04\/28\/dia-da-caatinga-ganha-projecoes-em-sao-paulo-brasilia-e-recife-para-falar-sobre-o-bioma-e-a-crise-do-clima\/#article","isPartOf":{"@id":"https:\/\/centrosabia.org.br\/en\/2026\/04\/28\/dia-da-caatinga-ganha-projecoes-em-sao-paulo-brasilia-e-recife-para-falar-sobre-o-bioma-e-a-crise-do-clima\/"},"author":{"name":"Darliton","@id":"https:\/\/centrosabia.org.br\/en\/#\/schema\/person\/7e83deaeb43644ce5b93a21b9d24c8d6"},"headline":"Caatinga Day gets screenings in S\u00e3o Paulo, Bras\u00edlia and Recife to talk about the biome and the climate crisis","datePublished":"2026-04-28T22:16:11+00:00","dateModified":"2026-04-28T22:20:55+00:00","mainEntityOfPage":{"@id":"https:\/\/centrosabia.org.br\/en\/2026\/04\/28\/dia-da-caatinga-ganha-projecoes-em-sao-paulo-brasilia-e-recife-para-falar-sobre-o-bioma-e-a-crise-do-clima\/"},"wordCount":339,"commentCount":0,"publisher":{"@id":"https:\/\/centrosabia.org.br\/en\/#organization"},"image":{"@id":"https:\/\/centrosabia.org.br\/en\/2026\/04\/28\/dia-da-caatinga-ganha-projecoes-em-sao-paulo-brasilia-e-recife-para-falar-sobre-o-bioma-e-a-crise-do-clima\/#primaryimage"},"thumbnailUrl":"https:\/\/centrosabia.org.br\/wp-content\/uploads\/2026\/04\/Foto-Centro-Sabia-1-scaled.png","articleSection":["News"],"inLanguage":"en-US","potentialAction":[{"@type":"CommentAction","name":"Comment","target":["https:\/\/centrosabia.org.br\/en\/2026\/04\/28\/dia-da-caatinga-ganha-projecoes-em-sao-paulo-brasilia-e-recife-para-falar-sobre-o-bioma-e-a-crise-do-clima\/#respond"]}]},{"@type":"WebPage","@id":"https:\/\/centrosabia.org.br\/en\/2026\/04\/28\/dia-da-caatinga-ganha-projecoes-em-sao-paulo-brasilia-e-recife-para-falar-sobre-o-bioma-e-a-crise-do-clima\/","url":"https:\/\/centrosabia.org.br\/en\/2026\/04\/28\/dia-da-caatinga-ganha-projecoes-em-sao-paulo-brasilia-e-recife-para-falar-sobre-o-bioma-e-a-crise-do-clima\/","name":"Caatinga Day gets screenings in S\u00e3o Paulo, Bras\u00edlia and Recife to talk about the biome and the climate crisis - Centro de Desenvolvimento Agroecol\u00f3gico Sabi\u00e1","isPartOf":{"@id":"https:\/\/centrosabia.org.br\/en\/#website"},"primaryImageOfPage":{"@id":"https:\/\/centrosabia.org.br\/en\/2026\/04\/28\/dia-da-caatinga-ganha-projecoes-em-sao-paulo-brasilia-e-recife-para-falar-sobre-o-bioma-e-a-crise-do-clima\/#primaryimage"},"image":{"@id":"https:\/\/centrosabia.org.br\/en\/2026\/04\/28\/dia-da-caatinga-ganha-projecoes-em-sao-paulo-brasilia-e-recife-para-falar-sobre-o-bioma-e-a-crise-do-clima\/#primaryimage"},"thumbnailUrl":"https:\/\/centrosabia.org.br\/wp-content\/uploads\/2026\/04\/Foto-Centro-Sabia-1-scaled.png","datePublished":"2026-04-28T22:16:11+00:00","dateModified":"2026-04-28T22:20:55+00:00","breadcrumb":{"@id":"https:\/\/centrosabia.org.br\/en\/2026\/04\/28\/dia-da-caatinga-ganha-projecoes-em-sao-paulo-brasilia-e-recife-para-falar-sobre-o-bioma-e-a-crise-do-clima\/#breadcrumb"},"inLanguage":"en-US","potentialAction":[{"@type":"ReadAction","target":["https:\/\/centrosabia.org.br\/en\/2026\/04\/28\/dia-da-caatinga-ganha-projecoes-em-sao-paulo-brasilia-e-recife-para-falar-sobre-o-bioma-e-a-crise-do-clima\/"]}]},{"@type":"ImageObject","inLanguage":"en-US","@id":"https:\/\/centrosabia.org.br\/en\/2026\/04\/28\/dia-da-caatinga-ganha-projecoes-em-sao-paulo-brasilia-e-recife-para-falar-sobre-o-bioma-e-a-crise-do-clima\/#primaryimage","url":"https:\/\/centrosabia.org.br\/wp-content\/uploads\/2026\/04\/Foto-Centro-Sabia-1-scaled.png","contentUrl":"https:\/\/centrosabia.org.br\/wp-content\/uploads\/2026\/04\/Foto-Centro-Sabia-1-scaled.png","width":2560,"height":853},{"@type":"BreadcrumbList","@id":"https:\/\/centrosabia.org.br\/en\/2026\/04\/28\/dia-da-caatinga-ganha-projecoes-em-sao-paulo-brasilia-e-recife-para-falar-sobre-o-bioma-e-a-crise-do-clima\/#breadcrumb","itemListElement":[{"@type":"ListItem","position":1,"name":"In\u00edcio","item":"https:\/\/centrosabia.org.br\/en\/"},{"@type":"ListItem","position":2,"name":"Caatinga Day gets screenings in S\u00e3o Paulo, Bras\u00edlia and Recife to talk about the biome and the climate crisis"}]},{"@type":"WebSite","@id":"https:\/\/centrosabia.org.br\/en\/#website","url":"https:\/\/centrosabia.org.br\/en\/","name":"Centro de Desenvolvimento Agroecol\u00f3gico Sabi\u00e1","description":"","publisher":{"@id":"https:\/\/centrosabia.org.br\/en\/#organization"},"potentialAction":[{"@type":"SearchAction","target":{"@type":"EntryPoint","urlTemplate":"https:\/\/centrosabia.org.br\/en\/?s={search_term_string}"},"query-input":{"@type":"PropertyValueSpecification","valueRequired":true,"valueName":"search_term_string"}}],"inLanguage":"en-US"},{"@type":"Organization","@id":"https:\/\/centrosabia.org.br\/en\/#organization","name":"Centro de Desenvolvimento Agroecol\u00f3gico Sabi\u00e1","url":"https:\/\/centrosabia.org.br\/en\/","logo":{"@type":"ImageObject","inLanguage":"en-US","@id":"https:\/\/centrosabia.org.br\/en\/#\/schema\/logo\/image\/","url":"https:\/\/centrosabia.org.br\/wp-content\/uploads\/2021\/10\/logo.png","contentUrl":"https:\/\/centrosabia.org.br\/wp-content\/uploads\/2021\/10\/logo.png","width":174,"height":84,"caption":"Centro de Desenvolvimento Agroecol\u00f3gico Sabi\u00e1"},"image":{"@id":"https:\/\/centrosabia.org.br\/en\/#\/schema\/logo\/image\/"}},{"@type":"Person","@id":"https:\/\/centrosabia.org.br\/en\/#\/schema\/person\/7e83deaeb43644ce5b93a21b9d24c8d6","name":"Darliton","image":{"@type":"ImageObject","inLanguage":"en-US","@id":"https:\/\/secure.gravatar.com\/avatar\/abb43c9d012bc9e4677cba1d82588694a509da0a3479cb06ce66c26da27e1642?s=96&d=mm&r=g","url":"https:\/\/secure.gravatar.com\/avatar\/abb43c9d012bc9e4677cba1d82588694a509da0a3479cb06ce66c26da27e1642?s=96&d=mm&r=g","contentUrl":"https:\/\/secure.gravatar.com\/avatar\/abb43c9d012bc9e4677cba1d82588694a509da0a3479cb06ce66c26da27e1642?s=96&d=mm&r=g","caption":"Darliton"},"description":"Comunicador popular, administrador, p\u00f3s-graduado em projetos sociais e pol\u00edticas p\u00fablicas, especialista media social, militante da agroecologia, conviv\u00eancia com semi\u00e1rido, direitos humanos, preserva\u00e7\u00e3o ambiental e direitos de trabalhadoras e trabalhadores.","url":"https:\/\/centrosabia.org.br\/en\/author\/darliton\/"}]}},"_links":{"self":[{"href":"https:\/\/centrosabia.org.br\/en\/wp-json\/wp\/v2\/posts\/32339","targetHints":{"allow":["GET"]}}],"collection":[{"href":"https:\/\/centrosabia.org.br\/en\/wp-json\/wp\/v2\/posts"}],"about":[{"href":"https:\/\/centrosabia.org.br\/en\/wp-json\/wp\/v2\/types\/post"}],"author":[{"embeddable":true,"href":"https:\/\/centrosabia.org.br\/en\/wp-json\/wp\/v2\/users\/2"}],"replies":[{"embeddable":true,"href":"https:\/\/centrosabia.org.br\/en\/wp-json\/wp\/v2\/comments?post=32339"}],"version-history":[{"count":3,"href":"https:\/\/centrosabia.org.br\/en\/wp-json\/wp\/v2\/posts\/32339\/revisions"}],"predecessor-version":[{"id":32344,"href":"https:\/\/centrosabia.org.br\/en\/wp-json\/wp\/v2\/posts\/32339\/revisions\/32344"}],"wp:featuredmedia":[{"embeddable":true,"href":"https:\/\/centrosabia.org.br\/en\/wp-json\/wp\/v2\/media\/32318"}],"wp:attachment":[{"href":"https:\/\/centrosabia.org.br\/en\/wp-json\/wp\/v2\/media?parent=32339"}],"wp:term":[{"taxonomy":"category","embeddable":true,"href":"https:\/\/centrosabia.org.br\/en\/wp-json\/wp\/v2\/categories?post=32339"},{"taxonomy":"post_tag","embeddable":true,"href":"https:\/\/centrosabia.org.br\/en\/wp-json\/wp\/v2\/tags?post=32339"}],"curies":[{"name":"wp","href":"https:\/\/api.w.org\/{rel}","templated":true}]}}