{"id":33674,"date":"2026-08-10T00:00:00","date_gmt":"2026-08-10T03:00:00","guid":{"rendered":"https:\/\/centrosabia.org.br\/2026\/08\/10\/youth-on-the-move-cantos-do-sabia\/"},"modified":"2026-09-01T08:36:03","modified_gmt":"2026-09-01T11:36:03","slug":"youth-on-the-move-cantos-do-sabia","status":"publish","type":"post","link":"https:\/\/centrosabia.org.br\/en\/2026\/08\/10\/youth-on-the-move-cantos-do-sabia\/","title":{"rendered":"Youth on the Move &#8211; Cantos do Sabi\u00e1"},"content":{"rendered":"\n<p class=\"wp-block-paragraph\"><a href=\"https:\/\/linktr.ee\/joegrafia\"><strong>Jo\u00e3o Lucas Fran\u00e7a<\/strong><\/a><strong> &#8211; Broadcaster and communicator for the Sabi\u00e1 Center.<\/strong><\/p>\n\n<figure class=\"wp-block-image size-large\"><img loading=\"lazy\" decoding=\"async\" width=\"1024\" height=\"577\" src=\"https:\/\/centrosabia.org.br\/wp-content\/uploads\/2026\/08\/wide-1-1024x577.png\" alt=\"\" class=\"wp-image-33496\" srcset=\"https:\/\/centrosabia.org.br\/wp-content\/uploads\/2026\/08\/wide-1-1024x577.png 1024w, https:\/\/centrosabia.org.br\/wp-content\/uploads\/2026\/08\/wide-1-300x169.png 300w, https:\/\/centrosabia.org.br\/wp-content\/uploads\/2026\/08\/wide-1-768x433.png 768w, https:\/\/centrosabia.org.br\/wp-content\/uploads\/2026\/08\/wide-1.png 1280w\" sizes=\"auto, (max-width: 1024px) 100vw, 1024px\" \/><\/figure>\n\n<p class=\"wp-block-paragraph\"><strong>Young people are on the move<\/strong>. Social movements, political movements, and initiatives that are transforming the countryside. A mobilization for rights, for space, for work, and for <strong>agroecology<\/strong>.  <\/p>\n\n<figure class=\"wp-block-embed is-type-video is-provider-youtube wp-block-embed-youtube wp-embed-aspect-16-9 wp-has-aspect-ratio\"><div class=\"wp-block-embed__wrapper\">\n<iframe loading=\"lazy\" title=\"Juventudes em movimento - Cantos do Sabi\u00e1\" width=\"1290\" height=\"726\" src=\"https:\/\/www.youtube.com\/embed\/zBvsOHK8EQI?feature=oembed\" frameborder=\"0\" allow=\"accelerometer; autoplay; clipboard-write; encrypted-media; gyroscope; picture-in-picture; web-share\" referrerpolicy=\"strict-origin-when-cross-origin\" allowfullscreen><\/iframe>\n<\/div><\/figure>\n\n<p class=\"wp-block-paragraph\">In the countryside, in cities, in forests, in waterways, and in the Semi-Arid region, it is young people who are practicing agroecology, defending their territories, tackling climate change, and demanding <strong>social and environmental justice<\/strong>.<\/p>\n\n<p class=\"wp-block-paragraph\"><strong>Youth<\/strong>\u2014in the plural\u2014because this struggle is also plural and collective. It takes place at climate conferences, in popular mobilizations, in spaces for social participation, at universities, in communities, and in rural and urban movements. <\/p>\n\n<figure class=\"wp-block-image size-large\"><img loading=\"lazy\" decoding=\"async\" width=\"819\" height=\"1024\" src=\"https:\/\/centrosabia.org.br\/wp-content\/uploads\/2026\/08\/card-instagram-1-1-819x1024.png\" alt=\"\" class=\"wp-image-33499\" srcset=\"https:\/\/centrosabia.org.br\/wp-content\/uploads\/2026\/08\/card-instagram-1-1-819x1024.png 819w, https:\/\/centrosabia.org.br\/wp-content\/uploads\/2026\/08\/card-instagram-1-1-240x300.png 240w, https:\/\/centrosabia.org.br\/wp-content\/uploads\/2026\/08\/card-instagram-1-1-768x960.png 768w, https:\/\/centrosabia.org.br\/wp-content\/uploads\/2026\/08\/card-instagram-1-1.png 1080w\" sizes=\"auto, (max-width: 819px) 100vw, 819px\" \/><\/figure>\n\n<p class=\"wp-block-paragraph\">To discuss this moment\u2014and the power of youth, agroecology, and climate justice\u2014we welcomed <strong>Sival Fiuza<\/strong>, a young advocate for agroecology, a member of <strong>the Youth Network of the Latin American Semi-Arid Platform<\/strong>, and a participant in key political advocacy initiatives in Brazil and around the world.<\/p>\n\n<figure class=\"wp-block-embed is-type-rich is-provider-spotify wp-block-embed-spotify wp-embed-aspect-21-9 wp-has-aspect-ratio\"><div class=\"wp-block-embed__wrapper\">\n<iframe title=\"Spotify Embed: Juventudes em movimento - Cantos do Sabi\u00e1\" style=\"border-radius: 12px\" width=\"100%\" height=\"152\" frameborder=\"0\" allowfullscreen allow=\"autoplay; clipboard-write; encrypted-media; fullscreen; picture-in-picture\" loading=\"lazy\" src=\"https:\/\/open.spotify.com\/embed\/episode\/2rGnMLhwQmPc8EaHjglgnU?si=gfGzMg43TH-KvH7wVCYhGw&amp;utm_source=oembed\"><\/iframe>\n<\/div><\/figure>\n\n<blockquote class=\"wp-block-quote is-layout-flow wp-block-quote-is-layout-flow\">\n<p class=\"wp-block-paragraph\"><a href=\"https:\/\/centrosabia.org.br\/en\/tag\/cantos-do-sabia-en\/\"><strong>Cantos do Sabi\u00e1<\/strong><\/a><strong> is the Sabi\u00e1 Center Podcast!<\/strong> Every week we discuss agroecology, sustainability and politics in the countryside and the city! The podcast goes live every Monday, with the complete interview edition that originally made up the Center&#8217;s radio program.   <a href=\"https:\/\/open.spotify.com\/show\/5Yeo5PhoEelWIpuC6cYERE\">https:\/\/open.spotify.com\/show\/5Yeo5PhoEelWIpuC6cYERE<\/a> <\/p>\n<\/blockquote>\n","protected":false},"excerpt":{"rendered":"","protected":false},"author":4,"featured_media":33497,"comment_status":"open","ping_status":"open","sticky":false,"template":"","format":"standard","meta":{"_acf_changed":false,"ano":0,"footnotes":""},"categories":[217],"tags":[260,61,983,219,564,3796,2355,62,1196,1776,4552,261,375,3875,4553,297],"class_list":["post-33674","post","type-post","status-publish","format-standard","has-post-thumbnail","hentry","category-news","tag-agroecology","tag-cantos-do-sabia","tag-climate-change","tag-joao-lucas-france","tag-justica-climatica","tag-latin-americas-semi-arid-platform","tag-movimentos-sociais","tag-podcast","tag-podcast-cantos-do-sabia","tag-political-impact","tag-political-participation","tag-sabia-center","tag-semiarid","tag-territories","tag-youth-network","tag-youths"],"blocksy_meta":{"styles_descriptor":{"styles":{"desktop":"","tablet":"","mobile":""},"google_fonts":[],"version":7}},"acf":[],"yoast_head":"<!-- This site is optimized with the Yoast SEO plugin v28.3 - https:\/\/yoast.com\/product\/yoast-seo-wordpress\/ -->\n<title>Youth on the Move - Cantos do Sabi\u00e1 - Centro de Desenvolvimento Agroecol\u00f3gico Sabi\u00e1<\/title>\n<meta name=\"robots\" content=\"index, follow, max-snippet:-1, max-image-preview:large, max-video-preview:-1\" \/>\n<link rel=\"canonical\" href=\"https:\/\/centrosabia.org.br\/en\/2026\/08\/10\/youth-on-the-move-cantos-do-sabia\/\" \/>\n<meta property=\"og:locale\" content=\"en_US\" \/>\n<meta property=\"og:type\" content=\"article\" \/>\n<meta property=\"og:title\" content=\"Youth on the Move - Cantos do Sabi\u00e1 - Centro de Desenvolvimento Agroecol\u00f3gico Sabi\u00e1\" \/>\n<meta property=\"og:url\" content=\"https:\/\/centrosabia.org.br\/en\/2026\/08\/10\/youth-on-the-move-cantos-do-sabia\/\" \/>\n<meta property=\"og:site_name\" content=\"Centro de Desenvolvimento Agroecol\u00f3gico Sabi\u00e1\" \/>\n<meta property=\"article:published_time\" content=\"2026-08-10T03:00:00+00:00\" \/>\n<meta property=\"article:modified_time\" content=\"2026-09-01T11:36:03+00:00\" \/>\n<meta property=\"og:image\" content=\"https:\/\/centrosabia.org.br\/wp-content\/uploads\/2026\/08\/wide-1-300x169.png\" \/>\n\t<meta property=\"og:image:width\" content=\"300\" \/>\n\t<meta property=\"og:image:height\" content=\"169\" \/>\n\t<meta property=\"og:image:type\" content=\"image\/png\" \/>\n<meta name=\"author\" content=\"Jo\u00e3o Lucas Franca\" \/>\n<meta name=\"twitter:card\" content=\"summary_large_image\" \/>\n<meta name=\"twitter:label1\" content=\"Written by\" \/>\n\t<meta name=\"twitter:data1\" content=\"Jo\u00e3o Lucas Franca\" \/>\n\t<meta name=\"twitter:label2\" content=\"Est. reading time\" \/>\n\t<meta name=\"twitter:data2\" content=\"1 minute\" \/>\n<script type=\"application\/ld+json\" class=\"yoast-schema-graph\">{\"@context\":\"https:\\\/\\\/schema.org\",\"@graph\":[{\"@type\":\"Article\",\"@id\":\"https:\\\/\\\/centrosabia.org.br\\\/en\\\/2026\\\/08\\\/10\\\/youth-on-the-move-cantos-do-sabia\\\/#article\",\"isPartOf\":{\"@id\":\"https:\\\/\\\/centrosabia.org.br\\\/en\\\/2026\\\/08\\\/10\\\/youth-on-the-move-cantos-do-sabia\\\/\"},\"author\":{\"name\":\"Jo\u00e3o Lucas Franca\",\"@id\":\"https:\\\/\\\/centrosabia.org.br\\\/en\\\/#\\\/schema\\\/person\\\/9baeb335365a2eb7c4fb3969afdc80a3\"},\"headline\":\"Youth on the Move &#8211; Cantos do Sabi\u00e1\",\"datePublished\":\"2026-08-10T03:00:00+00:00\",\"dateModified\":\"2026-09-01T11:36:03+00:00\",\"mainEntityOfPage\":{\"@id\":\"https:\\\/\\\/centrosabia.org.br\\\/en\\\/2026\\\/08\\\/10\\\/youth-on-the-move-cantos-do-sabia\\\/\"},\"wordCount\":239,\"commentCount\":0,\"publisher\":{\"@id\":\"https:\\\/\\\/centrosabia.org.br\\\/en\\\/#organization\"},\"image\":{\"@id\":\"https:\\\/\\\/centrosabia.org.br\\\/en\\\/2026\\\/08\\\/10\\\/youth-on-the-move-cantos-do-sabia\\\/#primaryimage\"},\"thumbnailUrl\":\"https:\\\/\\\/centrosabia.org.br\\\/wp-content\\\/uploads\\\/2026\\\/08\\\/wide-1.png\",\"keywords\":[\"agroecology\",\"Cantos do Sabi\u00e1\",\"Climate Change\",\"Jo\u00e3o Lucas France\",\"Justi\u00e7a Clim\u00e1tica\",\"Latin America's Semi-Arid Platform\",\"Movimentos Sociais\",\"Podcast\",\"podcast cantos do sabi\u00e1\",\"Political impact\",\"political participation\",\"Sabi\u00e1 Center\",\"semiarid\",\"territories\",\"Youth Network\",\"youths\"],\"articleSection\":[\"News\"],\"inLanguage\":\"en-US\",\"potentialAction\":[{\"@type\":\"CommentAction\",\"name\":\"Comment\",\"target\":[\"https:\\\/\\\/centrosabia.org.br\\\/en\\\/2026\\\/08\\\/10\\\/youth-on-the-move-cantos-do-sabia\\\/#respond\"]}]},{\"@type\":\"WebPage\",\"@id\":\"https:\\\/\\\/centrosabia.org.br\\\/en\\\/2026\\\/08\\\/10\\\/youth-on-the-move-cantos-do-sabia\\\/\",\"url\":\"https:\\\/\\\/centrosabia.org.br\\\/en\\\/2026\\\/08\\\/10\\\/youth-on-the-move-cantos-do-sabia\\\/\",\"name\":\"Youth on the Move - Cantos do Sabi\u00e1 - Centro de Desenvolvimento Agroecol\u00f3gico Sabi\u00e1\",\"isPartOf\":{\"@id\":\"https:\\\/\\\/centrosabia.org.br\\\/en\\\/#website\"},\"primaryImageOfPage\":{\"@id\":\"https:\\\/\\\/centrosabia.org.br\\\/en\\\/2026\\\/08\\\/10\\\/youth-on-the-move-cantos-do-sabia\\\/#primaryimage\"},\"image\":{\"@id\":\"https:\\\/\\\/centrosabia.org.br\\\/en\\\/2026\\\/08\\\/10\\\/youth-on-the-move-cantos-do-sabia\\\/#primaryimage\"},\"thumbnailUrl\":\"https:\\\/\\\/centrosabia.org.br\\\/wp-content\\\/uploads\\\/2026\\\/08\\\/wide-1.png\",\"datePublished\":\"2026-08-10T03:00:00+00:00\",\"dateModified\":\"2026-09-01T11:36:03+00:00\",\"breadcrumb\":{\"@id\":\"https:\\\/\\\/centrosabia.org.br\\\/en\\\/2026\\\/08\\\/10\\\/youth-on-the-move-cantos-do-sabia\\\/#breadcrumb\"},\"inLanguage\":\"en-US\",\"potentialAction\":[{\"@type\":\"ReadAction\",\"target\":[\"https:\\\/\\\/centrosabia.org.br\\\/en\\\/2026\\\/08\\\/10\\\/youth-on-the-move-cantos-do-sabia\\\/\"]}]},{\"@type\":\"ImageObject\",\"inLanguage\":\"en-US\",\"@id\":\"https:\\\/\\\/centrosabia.org.br\\\/en\\\/2026\\\/08\\\/10\\\/youth-on-the-move-cantos-do-sabia\\\/#primaryimage\",\"url\":\"https:\\\/\\\/centrosabia.org.br\\\/wp-content\\\/uploads\\\/2026\\\/08\\\/wide-1.png\",\"contentUrl\":\"https:\\\/\\\/centrosabia.org.br\\\/wp-content\\\/uploads\\\/2026\\\/08\\\/wide-1.png\",\"width\":1280,\"height\":721},{\"@type\":\"BreadcrumbList\",\"@id\":\"https:\\\/\\\/centrosabia.org.br\\\/en\\\/2026\\\/08\\\/10\\\/youth-on-the-move-cantos-do-sabia\\\/#breadcrumb\",\"itemListElement\":[{\"@type\":\"ListItem\",\"position\":1,\"name\":\"In\u00edcio\",\"item\":\"https:\\\/\\\/centrosabia.org.br\\\/en\\\/\"},{\"@type\":\"ListItem\",\"position\":2,\"name\":\"Youth on the Move &#8211; Cantos do Sabi\u00e1\"}]},{\"@type\":\"WebSite\",\"@id\":\"https:\\\/\\\/centrosabia.org.br\\\/en\\\/#website\",\"url\":\"https:\\\/\\\/centrosabia.org.br\\\/en\\\/\",\"name\":\"Centro de Desenvolvimento Agroecol\u00f3gico Sabi\u00e1\",\"description\":\"\",\"publisher\":{\"@id\":\"https:\\\/\\\/centrosabia.org.br\\\/en\\\/#organization\"},\"potentialAction\":[{\"@type\":\"SearchAction\",\"target\":{\"@type\":\"EntryPoint\",\"urlTemplate\":\"https:\\\/\\\/centrosabia.org.br\\\/en\\\/?s={search_term_string}\"},\"query-input\":{\"@type\":\"PropertyValueSpecification\",\"valueRequired\":true,\"valueName\":\"search_term_string\"}}],\"inLanguage\":\"en-US\"},{\"@type\":\"Organization\",\"@id\":\"https:\\\/\\\/centrosabia.org.br\\\/en\\\/#organization\",\"name\":\"Centro de Desenvolvimento Agroecol\u00f3gico Sabi\u00e1\",\"url\":\"https:\\\/\\\/centrosabia.org.br\\\/en\\\/\",\"logo\":{\"@type\":\"ImageObject\",\"inLanguage\":\"en-US\",\"@id\":\"https:\\\/\\\/centrosabia.org.br\\\/en\\\/#\\\/schema\\\/logo\\\/image\\\/\",\"url\":\"https:\\\/\\\/centrosabia.org.br\\\/wp-content\\\/uploads\\\/2021\\\/10\\\/logo.png\",\"contentUrl\":\"https:\\\/\\\/centrosabia.org.br\\\/wp-content\\\/uploads\\\/2021\\\/10\\\/logo.png\",\"width\":174,\"height\":84,\"caption\":\"Centro de Desenvolvimento Agroecol\u00f3gico Sabi\u00e1\"},\"image\":{\"@id\":\"https:\\\/\\\/centrosabia.org.br\\\/en\\\/#\\\/schema\\\/logo\\\/image\\\/\"}},{\"@type\":\"Person\",\"@id\":\"https:\\\/\\\/centrosabia.org.br\\\/en\\\/#\\\/schema\\\/person\\\/9baeb335365a2eb7c4fb3969afdc80a3\",\"name\":\"Jo\u00e3o Lucas Franca\",\"image\":{\"@type\":\"ImageObject\",\"inLanguage\":\"en-US\",\"@id\":\"https:\\\/\\\/secure.gravatar.com\\\/avatar\\\/a9a4ada6acce9403e8d9f7c681781ab742fc465732a5eb26e375a62444c23bab?s=96&d=mm&r=g\",\"url\":\"https:\\\/\\\/secure.gravatar.com\\\/avatar\\\/a9a4ada6acce9403e8d9f7c681781ab742fc465732a5eb26e375a62444c23bab?s=96&d=mm&r=g\",\"contentUrl\":\"https:\\\/\\\/secure.gravatar.com\\\/avatar\\\/a9a4ada6acce9403e8d9f7c681781ab742fc465732a5eb26e375a62444c23bab?s=96&d=mm&r=g\",\"caption\":\"Jo\u00e3o Lucas Franca\"},\"url\":\"https:\\\/\\\/centrosabia.org.br\\\/en\\\/author\\\/joao\\\/\"}]}<\/script>\n<!-- \/ Yoast SEO plugin. -->","yoast_head_json":{"title":"Youth on the Move - Cantos do Sabi\u00e1 - Centro de Desenvolvimento Agroecol\u00f3gico Sabi\u00e1","robots":{"index":"index","follow":"follow","max-snippet":"max-snippet:-1","max-image-preview":"max-image-preview:large","max-video-preview":"max-video-preview:-1"},"canonical":"https:\/\/centrosabia.org.br\/en\/2026\/08\/10\/youth-on-the-move-cantos-do-sabia\/","og_locale":"en_US","og_type":"article","og_title":"Youth on the Move - Cantos do Sabi\u00e1 - Centro de Desenvolvimento Agroecol\u00f3gico Sabi\u00e1","og_url":"https:\/\/centrosabia.org.br\/en\/2026\/08\/10\/youth-on-the-move-cantos-do-sabia\/","og_site_name":"Centro de Desenvolvimento Agroecol\u00f3gico Sabi\u00e1","article_published_time":"2026-08-10T03:00:00+00:00","article_modified_time":"2026-09-01T11:36:03+00:00","og_image":[{"width":300,"height":169,"url":"https:\/\/centrosabia.org.br\/wp-content\/uploads\/2026\/08\/wide-1-300x169.png","type":"image\/png"}],"author":"Jo\u00e3o Lucas Franca","twitter_card":"summary_large_image","twitter_misc":{"Written by":"Jo\u00e3o Lucas Franca","Est. reading time":"1 minute"},"schema":{"@context":"https:\/\/schema.org","@graph":[{"@type":"Article","@id":"https:\/\/centrosabia.org.br\/en\/2026\/08\/10\/youth-on-the-move-cantos-do-sabia\/#article","isPartOf":{"@id":"https:\/\/centrosabia.org.br\/en\/2026\/08\/10\/youth-on-the-move-cantos-do-sabia\/"},"author":{"name":"Jo\u00e3o Lucas Franca","@id":"https:\/\/centrosabia.org.br\/en\/#\/schema\/person\/9baeb335365a2eb7c4fb3969afdc80a3"},"headline":"Youth on the Move &#8211; Cantos do Sabi\u00e1","datePublished":"2026-08-10T03:00:00+00:00","dateModified":"2026-09-01T11:36:03+00:00","mainEntityOfPage":{"@id":"https:\/\/centrosabia.org.br\/en\/2026\/08\/10\/youth-on-the-move-cantos-do-sabia\/"},"wordCount":239,"commentCount":0,"publisher":{"@id":"https:\/\/centrosabia.org.br\/en\/#organization"},"image":{"@id":"https:\/\/centrosabia.org.br\/en\/2026\/08\/10\/youth-on-the-move-cantos-do-sabia\/#primaryimage"},"thumbnailUrl":"https:\/\/centrosabia.org.br\/wp-content\/uploads\/2026\/08\/wide-1.png","keywords":["agroecology","Cantos do Sabi\u00e1","Climate Change","Jo\u00e3o Lucas France","Justi\u00e7a Clim\u00e1tica","Latin America's Semi-Arid Platform","Movimentos Sociais","Podcast","podcast cantos do sabi\u00e1","Political impact","political participation","Sabi\u00e1 Center","semiarid","territories","Youth Network","youths"],"articleSection":["News"],"inLanguage":"en-US","potentialAction":[{"@type":"CommentAction","name":"Comment","target":["https:\/\/centrosabia.org.br\/en\/2026\/08\/10\/youth-on-the-move-cantos-do-sabia\/#respond"]}]},{"@type":"WebPage","@id":"https:\/\/centrosabia.org.br\/en\/2026\/08\/10\/youth-on-the-move-cantos-do-sabia\/","url":"https:\/\/centrosabia.org.br\/en\/2026\/08\/10\/youth-on-the-move-cantos-do-sabia\/","name":"Youth on the Move - Cantos do Sabi\u00e1 - Centro de Desenvolvimento Agroecol\u00f3gico Sabi\u00e1","isPartOf":{"@id":"https:\/\/centrosabia.org.br\/en\/#website"},"primaryImageOfPage":{"@id":"https:\/\/centrosabia.org.br\/en\/2026\/08\/10\/youth-on-the-move-cantos-do-sabia\/#primaryimage"},"image":{"@id":"https:\/\/centrosabia.org.br\/en\/2026\/08\/10\/youth-on-the-move-cantos-do-sabia\/#primaryimage"},"thumbnailUrl":"https:\/\/centrosabia.org.br\/wp-content\/uploads\/2026\/08\/wide-1.png","datePublished":"2026-08-10T03:00:00+00:00","dateModified":"2026-09-01T11:36:03+00:00","breadcrumb":{"@id":"https:\/\/centrosabia.org.br\/en\/2026\/08\/10\/youth-on-the-move-cantos-do-sabia\/#breadcrumb"},"inLanguage":"en-US","potentialAction":[{"@type":"ReadAction","target":["https:\/\/centrosabia.org.br\/en\/2026\/08\/10\/youth-on-the-move-cantos-do-sabia\/"]}]},{"@type":"ImageObject","inLanguage":"en-US","@id":"https:\/\/centrosabia.org.br\/en\/2026\/08\/10\/youth-on-the-move-cantos-do-sabia\/#primaryimage","url":"https:\/\/centrosabia.org.br\/wp-content\/uploads\/2026\/08\/wide-1.png","contentUrl":"https:\/\/centrosabia.org.br\/wp-content\/uploads\/2026\/08\/wide-1.png","width":1280,"height":721},{"@type":"BreadcrumbList","@id":"https:\/\/centrosabia.org.br\/en\/2026\/08\/10\/youth-on-the-move-cantos-do-sabia\/#breadcrumb","itemListElement":[{"@type":"ListItem","position":1,"name":"In\u00edcio","item":"https:\/\/centrosabia.org.br\/en\/"},{"@type":"ListItem","position":2,"name":"Youth on the Move &#8211; Cantos do Sabi\u00e1"}]},{"@type":"WebSite","@id":"https:\/\/centrosabia.org.br\/en\/#website","url":"https:\/\/centrosabia.org.br\/en\/","name":"Centro de Desenvolvimento Agroecol\u00f3gico Sabi\u00e1","description":"","publisher":{"@id":"https:\/\/centrosabia.org.br\/en\/#organization"},"potentialAction":[{"@type":"SearchAction","target":{"@type":"EntryPoint","urlTemplate":"https:\/\/centrosabia.org.br\/en\/?s={search_term_string}"},"query-input":{"@type":"PropertyValueSpecification","valueRequired":true,"valueName":"search_term_string"}}],"inLanguage":"en-US"},{"@type":"Organization","@id":"https:\/\/centrosabia.org.br\/en\/#organization","name":"Centro de Desenvolvimento Agroecol\u00f3gico Sabi\u00e1","url":"https:\/\/centrosabia.org.br\/en\/","logo":{"@type":"ImageObject","inLanguage":"en-US","@id":"https:\/\/centrosabia.org.br\/en\/#\/schema\/logo\/image\/","url":"https:\/\/centrosabia.org.br\/wp-content\/uploads\/2021\/10\/logo.png","contentUrl":"https:\/\/centrosabia.org.br\/wp-content\/uploads\/2021\/10\/logo.png","width":174,"height":84,"caption":"Centro de Desenvolvimento Agroecol\u00f3gico Sabi\u00e1"},"image":{"@id":"https:\/\/centrosabia.org.br\/en\/#\/schema\/logo\/image\/"}},{"@type":"Person","@id":"https:\/\/centrosabia.org.br\/en\/#\/schema\/person\/9baeb335365a2eb7c4fb3969afdc80a3","name":"Jo\u00e3o Lucas Franca","image":{"@type":"ImageObject","inLanguage":"en-US","@id":"https:\/\/secure.gravatar.com\/avatar\/a9a4ada6acce9403e8d9f7c681781ab742fc465732a5eb26e375a62444c23bab?s=96&d=mm&r=g","url":"https:\/\/secure.gravatar.com\/avatar\/a9a4ada6acce9403e8d9f7c681781ab742fc465732a5eb26e375a62444c23bab?s=96&d=mm&r=g","contentUrl":"https:\/\/secure.gravatar.com\/avatar\/a9a4ada6acce9403e8d9f7c681781ab742fc465732a5eb26e375a62444c23bab?s=96&d=mm&r=g","caption":"Jo\u00e3o Lucas Franca"},"url":"https:\/\/centrosabia.org.br\/en\/author\/joao\/"}]}},"_links":{"self":[{"href":"https:\/\/centrosabia.org.br\/en\/wp-json\/wp\/v2\/posts\/33674","targetHints":{"allow":["GET"]}}],"collection":[{"href":"https:\/\/centrosabia.org.br\/en\/wp-json\/wp\/v2\/posts"}],"about":[{"href":"https:\/\/centrosabia.org.br\/en\/wp-json\/wp\/v2\/types\/post"}],"author":[{"embeddable":true,"href":"https:\/\/centrosabia.org.br\/en\/wp-json\/wp\/v2\/users\/4"}],"replies":[{"embeddable":true,"href":"https:\/\/centrosabia.org.br\/en\/wp-json\/wp\/v2\/comments?post=33674"}],"version-history":[{"count":1,"href":"https:\/\/centrosabia.org.br\/en\/wp-json\/wp\/v2\/posts\/33674\/revisions"}],"predecessor-version":[{"id":33675,"href":"https:\/\/centrosabia.org.br\/en\/wp-json\/wp\/v2\/posts\/33674\/revisions\/33675"}],"wp:featuredmedia":[{"embeddable":true,"href":"https:\/\/centrosabia.org.br\/en\/wp-json\/wp\/v2\/media\/33497"}],"wp:attachment":[{"href":"https:\/\/centrosabia.org.br\/en\/wp-json\/wp\/v2\/media?parent=33674"}],"wp:term":[{"taxonomy":"category","embeddable":true,"href":"https:\/\/centrosabia.org.br\/en\/wp-json\/wp\/v2\/categories?post=33674"},{"taxonomy":"post_tag","embeddable":true,"href":"https:\/\/centrosabia.org.br\/en\/wp-json\/wp\/v2\/tags?post=33674"}],"curies":[{"name":"wp","href":"https:\/\/api.w.org\/{rel}","templated":true}]}}