{"id":33708,"date":"2026-09-02T11:43:35","date_gmt":"2026-09-02T14:43:35","guid":{"rendered":"https:\/\/centrosabia.org.br\/2026\/09\/02\/desertificacao-justica-climatica-publicacao-do-centro-sabia-aponta-caminhos-para-enfrentar-a-crise-climatica\/"},"modified":"2026-09-02T11:47:58","modified_gmt":"2026-09-02T14:47:58","slug":"desertificacao-justica-climatica-publicacao-do-centro-sabia-aponta-caminhos-para-enfrentar-a-crise-climatica","status":"publish","type":"post","link":"https:\/\/centrosabia.org.br\/en\/2026\/09\/02\/desertificacao-justica-climatica-publicacao-do-centro-sabia-aponta-caminhos-para-enfrentar-a-crise-climatica\/","title":{"rendered":"Desertification &#038; Climate Justice: A Sabi\u00e1 Center Publication Outlines Ways to Address the Climate Crisis"},"content":{"rendered":"\n<p class=\"wp-block-paragraph\">By <a href=\"https:\/\/www.instagram.com\/canhoto_de_ideias\/\">Darliton Silva<\/a><br\/>Communications Officer at the Sabi\u00e1 Center<\/p>\n\n<figure class=\"wp-block-image size-large\"><img loading=\"lazy\" decoding=\"async\" width=\"1024\" height=\"683\" src=\"https:\/\/centrosabia.org.br\/wp-content\/uploads\/2026\/09\/Foto1-Florian-Kopp-Acervo-Centro-Sabia-1024x683.jpeg\" alt=\"\" class=\"wp-image-33700\" srcset=\"https:\/\/centrosabia.org.br\/wp-content\/uploads\/2026\/09\/Foto1-Florian-Kopp-Acervo-Centro-Sabia-1024x683.jpeg 1024w, https:\/\/centrosabia.org.br\/wp-content\/uploads\/2026\/09\/Foto1-Florian-Kopp-Acervo-Centro-Sabia-300x200.jpeg 300w, https:\/\/centrosabia.org.br\/wp-content\/uploads\/2026\/09\/Foto1-Florian-Kopp-Acervo-Centro-Sabia-768x512.jpeg 768w, https:\/\/centrosabia.org.br\/wp-content\/uploads\/2026\/09\/Foto1-Florian-Kopp-Acervo-Centro-Sabia-1536x1024.jpeg 1536w, https:\/\/centrosabia.org.br\/wp-content\/uploads\/2026\/09\/Foto1-Florian-Kopp-Acervo-Centro-Sabia-2048x1365.jpeg 2048w\" sizes=\"auto, (max-width: 1024px) 100vw, 1024px\" \/><figcaption class=\"wp-element-caption\">Photo: Florian Kopp | Centro Sabi\u00e1 Collection<\/figcaption><\/figure>\n\n<p class=\"wp-block-paragraph\">This Wednesday, September 2, in Gravat\u00e1, in the Agreste region of Pernambuco, the Sabi\u00e1 Center is launching another publication in the \u201cConhecimentos\u201d Series: the booklet <strong><em><a href=\"https:\/\/voaflix.centrosabia.org.br\/leia\/desertificacao-justica-climatica\/\">\u201cDesertification &amp; Climate Justice\u201d<\/a><\/em><\/strong>. The launch will take place during the State Seminar \u201cThe Role of Family Farming Amid Climate Change,\u201d organized by the Federation of Rural Workers and Family Farmers of the State of Pernambuco (FETAPE). The event marks the conclusion of the project \u201cEvery Time I Take a Step, the World Shifts,\u201d an initiative aimed at educating the union\u2019s rank-and-file on the environment and climate change.  <br\/><br\/>For Ani\u00e9rica Almeida, regional coordinator of the Sabi\u00e1 Center, the seminar also represents an opportunity to further the discussion on the role of agroecology in the face of the climate crisis. \u201cFor us at the Sabi\u00e1 Center, this is a most opportune moment to discuss how agroecology can effectively contribute to climate change mitigation and adaptation efforts,\u201d she says. <br\/><br\/>To talk about climate from the perspective of the Semi-Arid Region is to talk about territory, history, and struggle. The climate crisis and inequalities are not inevitable natural phenomena, nor do they affect everyone in the same way. They are linked to political, economic, and social choices made over time, based on a development model that concentrates decision-making, resources, and opportunities.  <\/p>\n\n<p class=\"wp-block-paragraph\">For a long time, Brazil\u2019s Semi-Arid Region was trapped in a narrative of scarcity. There was a lack of rain, a lack of water, and a lack of a future. This image, repeated so often, helped obscure the essential truth: the problem was never just the climate. What created and deepened inequalities was a long history of land concentration, control over water, destruction of the Caatinga, denial of rights, and political neglect.   <br\/><br\/>The booklet \u201cDesertification &amp; Climate Justice\u201d aims to broaden this debate by linking the impacts of the climate crisis to inequalities and to the strategies developed by the peoples and communities of the Caatinga biome to address the challenges of desertification and climate change.<br\/><br\/>The publication is the result of a parliamentary amendment introduced by Federal Deputy Carlos Veras, through Funding Agreement No. 442002\/2024 of the National Secretariat for Traditional Peoples and Communities and Sustainable Rural Development, of the Ministry of the Environment and Climate Change (SNPCT\/MMA) \u2013 Transferegov.br Portal No. 972660\/2024.<\/p>\n\n<p class=\"wp-block-paragraph\">Would you like to learn more about the publication \u201cDesertification &amp; Climate Justice\u201d? Visit VOAflix, the Sabi\u00e1 Center\u2019s digital archive: <a href=\"https:\/\/voaflix.centrosabia.org.br\/\"><em>voaflix.centrosabia.org.br<\/em><\/a>: <\/p>\n\n<figure class=\"wp-block-embed is-type-video is-provider-youtube wp-block-embed-youtube wp-embed-aspect-16-9 wp-has-aspect-ratio\"><div class=\"wp-block-embed__wrapper\">\n<iframe loading=\"lazy\" title=\"VOAflix - Acervo Digital do Centro Sabi\u00e1\" width=\"1290\" height=\"726\" src=\"https:\/\/www.youtube.com\/embed\/xuyC1ZlctZo?feature=oembed\" frameborder=\"0\" allow=\"accelerometer; autoplay; clipboard-write; encrypted-media; gyroscope; picture-in-picture; web-share\" referrerpolicy=\"strict-origin-when-cross-origin\" allowfullscreen><\/iframe>\n<\/div><\/figure>\n","protected":false},"excerpt":{"rendered":"","protected":false},"author":2,"featured_media":33694,"comment_status":"open","ping_status":"open","sticky":false,"template":"","format":"standard","meta":{"_acf_changed":false,"ano":0,"footnotes":""},"categories":[217],"tags":[4574,2196,223,4074,1068,2039,1311,261,3035],"class_list":["post-33708","post","type-post","status-publish","format-standard","has-post-thumbnail","hentry","category-news","tag-agroecolgoia","tag-brazilian-semi-arid-region","tag-caatinga-en","tag-caatinga-climate-week-en-2","tag-desertificacao-en","tag-justica-climatica-en","tag-meio-ambiente-en","tag-sabia-center","tag-weather"],"blocksy_meta":{"styles_descriptor":{"styles":{"desktop":"","tablet":"","mobile":""},"google_fonts":[],"version":7}},"acf":[],"yoast_head":"<!-- This site is optimized with the Yoast SEO plugin v28.3 - https:\/\/yoast.com\/product\/yoast-seo-wordpress\/ -->\n<title>Desertification &amp; Climate Justice: A Sabi\u00e1 Center Publication Outlines Ways to Address the Climate Crisis - Centro de Desenvolvimento Agroecol\u00f3gico Sabi\u00e1<\/title>\n<meta name=\"robots\" content=\"index, follow, max-snippet:-1, max-image-preview:large, max-video-preview:-1\" \/>\n<link rel=\"canonical\" href=\"https:\/\/centrosabia.org.br\/en\/2026\/09\/02\/desertificacao-justica-climatica-publicacao-do-centro-sabia-aponta-caminhos-para-enfrentar-a-crise-climatica\/\" \/>\n<meta property=\"og:locale\" content=\"en_US\" \/>\n<meta property=\"og:type\" content=\"article\" \/>\n<meta property=\"og:title\" content=\"Desertification &amp; Climate Justice: A Sabi\u00e1 Center Publication Outlines Ways to Address the Climate Crisis - Centro de Desenvolvimento Agroecol\u00f3gico Sabi\u00e1\" \/>\n<meta property=\"og:url\" content=\"https:\/\/centrosabia.org.br\/en\/2026\/09\/02\/desertificacao-justica-climatica-publicacao-do-centro-sabia-aponta-caminhos-para-enfrentar-a-crise-climatica\/\" \/>\n<meta property=\"og:site_name\" content=\"Centro de Desenvolvimento Agroecol\u00f3gico Sabi\u00e1\" \/>\n<meta property=\"article:published_time\" content=\"2026-09-02T14:43:35+00:00\" \/>\n<meta property=\"article:modified_time\" content=\"2026-09-02T14:47:58+00:00\" \/>\n<meta property=\"og:image\" content=\"https:\/\/centrosabia.org.br\/wp-content\/uploads\/2026\/09\/Thumb_Cartilha-Desertificacao-Justica-Climatica_VOAflix-300x169.png\" \/>\n\t<meta property=\"og:image:width\" content=\"300\" \/>\n\t<meta property=\"og:image:height\" content=\"169\" \/>\n\t<meta property=\"og:image:type\" content=\"image\/png\" \/>\n<meta name=\"author\" content=\"Darliton\" \/>\n<meta name=\"twitter:card\" content=\"summary_large_image\" \/>\n<meta name=\"twitter:label1\" content=\"Written by\" \/>\n\t<meta name=\"twitter:data1\" content=\"Darliton\" \/>\n\t<meta name=\"twitter:label2\" content=\"Est. reading time\" \/>\n\t<meta name=\"twitter:data2\" content=\"2 minutes\" \/>\n<script type=\"application\/ld+json\" class=\"yoast-schema-graph\">{\"@context\":\"https:\\\/\\\/schema.org\",\"@graph\":[{\"@type\":\"Article\",\"@id\":\"https:\\\/\\\/centrosabia.org.br\\\/en\\\/2026\\\/09\\\/02\\\/desertificacao-justica-climatica-publicacao-do-centro-sabia-aponta-caminhos-para-enfrentar-a-crise-climatica\\\/#article\",\"isPartOf\":{\"@id\":\"https:\\\/\\\/centrosabia.org.br\\\/en\\\/2026\\\/09\\\/02\\\/desertificacao-justica-climatica-publicacao-do-centro-sabia-aponta-caminhos-para-enfrentar-a-crise-climatica\\\/\"},\"author\":{\"name\":\"Darliton\",\"@id\":\"https:\\\/\\\/centrosabia.org.br\\\/en\\\/#\\\/schema\\\/person\\\/7e83deaeb43644ce5b93a21b9d24c8d6\"},\"headline\":\"Desertification &#038; Climate Justice: A Sabi\u00e1 Center Publication Outlines Ways to Address the Climate Crisis\",\"datePublished\":\"2026-09-02T14:43:35+00:00\",\"dateModified\":\"2026-09-02T14:47:58+00:00\",\"mainEntityOfPage\":{\"@id\":\"https:\\\/\\\/centrosabia.org.br\\\/en\\\/2026\\\/09\\\/02\\\/desertificacao-justica-climatica-publicacao-do-centro-sabia-aponta-caminhos-para-enfrentar-a-crise-climatica\\\/\"},\"wordCount\":443,\"commentCount\":0,\"publisher\":{\"@id\":\"https:\\\/\\\/centrosabia.org.br\\\/en\\\/#organization\"},\"image\":{\"@id\":\"https:\\\/\\\/centrosabia.org.br\\\/en\\\/2026\\\/09\\\/02\\\/desertificacao-justica-climatica-publicacao-do-centro-sabia-aponta-caminhos-para-enfrentar-a-crise-climatica\\\/#primaryimage\"},\"thumbnailUrl\":\"https:\\\/\\\/centrosabia.org.br\\\/wp-content\\\/uploads\\\/2026\\\/09\\\/Thumb_Cartilha-Desertificacao-Justica-Climatica_VOAflix.png\",\"keywords\":[\"Agroecolgoia\",\"Brazilian semi-arid region\",\"Caatinga\",\"Caatinga Climate Week\",\"Desertifica\u00e7\u00e3o\",\"Justi\u00e7a Clim\u00e1tica\",\"Meio Ambiente\",\"Sabi\u00e1 Center\",\"Weather\"],\"articleSection\":[\"News\"],\"inLanguage\":\"en-US\",\"potentialAction\":[{\"@type\":\"CommentAction\",\"name\":\"Comment\",\"target\":[\"https:\\\/\\\/centrosabia.org.br\\\/en\\\/2026\\\/09\\\/02\\\/desertificacao-justica-climatica-publicacao-do-centro-sabia-aponta-caminhos-para-enfrentar-a-crise-climatica\\\/#respond\"]}]},{\"@type\":\"WebPage\",\"@id\":\"https:\\\/\\\/centrosabia.org.br\\\/en\\\/2026\\\/09\\\/02\\\/desertificacao-justica-climatica-publicacao-do-centro-sabia-aponta-caminhos-para-enfrentar-a-crise-climatica\\\/\",\"url\":\"https:\\\/\\\/centrosabia.org.br\\\/en\\\/2026\\\/09\\\/02\\\/desertificacao-justica-climatica-publicacao-do-centro-sabia-aponta-caminhos-para-enfrentar-a-crise-climatica\\\/\",\"name\":\"Desertification & Climate Justice: A Sabi\u00e1 Center Publication Outlines Ways to Address the Climate Crisis - Centro de Desenvolvimento Agroecol\u00f3gico Sabi\u00e1\",\"isPartOf\":{\"@id\":\"https:\\\/\\\/centrosabia.org.br\\\/en\\\/#website\"},\"primaryImageOfPage\":{\"@id\":\"https:\\\/\\\/centrosabia.org.br\\\/en\\\/2026\\\/09\\\/02\\\/desertificacao-justica-climatica-publicacao-do-centro-sabia-aponta-caminhos-para-enfrentar-a-crise-climatica\\\/#primaryimage\"},\"image\":{\"@id\":\"https:\\\/\\\/centrosabia.org.br\\\/en\\\/2026\\\/09\\\/02\\\/desertificacao-justica-climatica-publicacao-do-centro-sabia-aponta-caminhos-para-enfrentar-a-crise-climatica\\\/#primaryimage\"},\"thumbnailUrl\":\"https:\\\/\\\/centrosabia.org.br\\\/wp-content\\\/uploads\\\/2026\\\/09\\\/Thumb_Cartilha-Desertificacao-Justica-Climatica_VOAflix.png\",\"datePublished\":\"2026-09-02T14:43:35+00:00\",\"dateModified\":\"2026-09-02T14:47:58+00:00\",\"breadcrumb\":{\"@id\":\"https:\\\/\\\/centrosabia.org.br\\\/en\\\/2026\\\/09\\\/02\\\/desertificacao-justica-climatica-publicacao-do-centro-sabia-aponta-caminhos-para-enfrentar-a-crise-climatica\\\/#breadcrumb\"},\"inLanguage\":\"en-US\",\"potentialAction\":[{\"@type\":\"ReadAction\",\"target\":[\"https:\\\/\\\/centrosabia.org.br\\\/en\\\/2026\\\/09\\\/02\\\/desertificacao-justica-climatica-publicacao-do-centro-sabia-aponta-caminhos-para-enfrentar-a-crise-climatica\\\/\"]}]},{\"@type\":\"ImageObject\",\"inLanguage\":\"en-US\",\"@id\":\"https:\\\/\\\/centrosabia.org.br\\\/en\\\/2026\\\/09\\\/02\\\/desertificacao-justica-climatica-publicacao-do-centro-sabia-aponta-caminhos-para-enfrentar-a-crise-climatica\\\/#primaryimage\",\"url\":\"https:\\\/\\\/centrosabia.org.br\\\/wp-content\\\/uploads\\\/2026\\\/09\\\/Thumb_Cartilha-Desertificacao-Justica-Climatica_VOAflix.png\",\"contentUrl\":\"https:\\\/\\\/centrosabia.org.br\\\/wp-content\\\/uploads\\\/2026\\\/09\\\/Thumb_Cartilha-Desertificacao-Justica-Climatica_VOAflix.png\",\"width\":512,\"height\":288},{\"@type\":\"BreadcrumbList\",\"@id\":\"https:\\\/\\\/centrosabia.org.br\\\/en\\\/2026\\\/09\\\/02\\\/desertificacao-justica-climatica-publicacao-do-centro-sabia-aponta-caminhos-para-enfrentar-a-crise-climatica\\\/#breadcrumb\",\"itemListElement\":[{\"@type\":\"ListItem\",\"position\":1,\"name\":\"In\u00edcio\",\"item\":\"https:\\\/\\\/centrosabia.org.br\\\/en\\\/\"},{\"@type\":\"ListItem\",\"position\":2,\"name\":\"Desertification &#038; Climate Justice: A Sabi\u00e1 Center Publication Outlines Ways to Address the Climate Crisis\"}]},{\"@type\":\"WebSite\",\"@id\":\"https:\\\/\\\/centrosabia.org.br\\\/en\\\/#website\",\"url\":\"https:\\\/\\\/centrosabia.org.br\\\/en\\\/\",\"name\":\"Centro de Desenvolvimento Agroecol\u00f3gico Sabi\u00e1\",\"description\":\"\",\"publisher\":{\"@id\":\"https:\\\/\\\/centrosabia.org.br\\\/en\\\/#organization\"},\"potentialAction\":[{\"@type\":\"SearchAction\",\"target\":{\"@type\":\"EntryPoint\",\"urlTemplate\":\"https:\\\/\\\/centrosabia.org.br\\\/en\\\/?s={search_term_string}\"},\"query-input\":{\"@type\":\"PropertyValueSpecification\",\"valueRequired\":true,\"valueName\":\"search_term_string\"}}],\"inLanguage\":\"en-US\"},{\"@type\":\"Organization\",\"@id\":\"https:\\\/\\\/centrosabia.org.br\\\/en\\\/#organization\",\"name\":\"Centro de Desenvolvimento Agroecol\u00f3gico Sabi\u00e1\",\"url\":\"https:\\\/\\\/centrosabia.org.br\\\/en\\\/\",\"logo\":{\"@type\":\"ImageObject\",\"inLanguage\":\"en-US\",\"@id\":\"https:\\\/\\\/centrosabia.org.br\\\/en\\\/#\\\/schema\\\/logo\\\/image\\\/\",\"url\":\"https:\\\/\\\/centrosabia.org.br\\\/wp-content\\\/uploads\\\/2021\\\/10\\\/logo.png\",\"contentUrl\":\"https:\\\/\\\/centrosabia.org.br\\\/wp-content\\\/uploads\\\/2021\\\/10\\\/logo.png\",\"width\":174,\"height\":84,\"caption\":\"Centro de Desenvolvimento Agroecol\u00f3gico Sabi\u00e1\"},\"image\":{\"@id\":\"https:\\\/\\\/centrosabia.org.br\\\/en\\\/#\\\/schema\\\/logo\\\/image\\\/\"}},{\"@type\":\"Person\",\"@id\":\"https:\\\/\\\/centrosabia.org.br\\\/en\\\/#\\\/schema\\\/person\\\/7e83deaeb43644ce5b93a21b9d24c8d6\",\"name\":\"Darliton\",\"image\":{\"@type\":\"ImageObject\",\"inLanguage\":\"en-US\",\"@id\":\"https:\\\/\\\/secure.gravatar.com\\\/avatar\\\/abb43c9d012bc9e4677cba1d82588694a509da0a3479cb06ce66c26da27e1642?s=96&d=mm&r=g\",\"url\":\"https:\\\/\\\/secure.gravatar.com\\\/avatar\\\/abb43c9d012bc9e4677cba1d82588694a509da0a3479cb06ce66c26da27e1642?s=96&d=mm&r=g\",\"contentUrl\":\"https:\\\/\\\/secure.gravatar.com\\\/avatar\\\/abb43c9d012bc9e4677cba1d82588694a509da0a3479cb06ce66c26da27e1642?s=96&d=mm&r=g\",\"caption\":\"Darliton\"},\"description\":\"Comunicador popular, administrador, p\u00f3s-graduado em projetos sociais e pol\u00edticas p\u00fablicas, especialista media social, militante da agroecologia, conviv\u00eancia com semi\u00e1rido, direitos humanos, preserva\u00e7\u00e3o ambiental e direitos de trabalhadoras e trabalhadores.\",\"url\":\"https:\\\/\\\/centrosabia.org.br\\\/en\\\/author\\\/darliton\\\/\"}]}<\/script>\n<!-- \/ Yoast SEO plugin. -->","yoast_head_json":{"title":"Desertification & Climate Justice: A Sabi\u00e1 Center Publication Outlines Ways to Address the Climate Crisis - Centro de Desenvolvimento Agroecol\u00f3gico Sabi\u00e1","robots":{"index":"index","follow":"follow","max-snippet":"max-snippet:-1","max-image-preview":"max-image-preview:large","max-video-preview":"max-video-preview:-1"},"canonical":"https:\/\/centrosabia.org.br\/en\/2026\/09\/02\/desertificacao-justica-climatica-publicacao-do-centro-sabia-aponta-caminhos-para-enfrentar-a-crise-climatica\/","og_locale":"en_US","og_type":"article","og_title":"Desertification & Climate Justice: A Sabi\u00e1 Center Publication Outlines Ways to Address the Climate Crisis - Centro de Desenvolvimento Agroecol\u00f3gico Sabi\u00e1","og_url":"https:\/\/centrosabia.org.br\/en\/2026\/09\/02\/desertificacao-justica-climatica-publicacao-do-centro-sabia-aponta-caminhos-para-enfrentar-a-crise-climatica\/","og_site_name":"Centro de Desenvolvimento Agroecol\u00f3gico Sabi\u00e1","article_published_time":"2026-09-02T14:43:35+00:00","article_modified_time":"2026-09-02T14:47:58+00:00","og_image":[{"width":300,"height":169,"url":"https:\/\/centrosabia.org.br\/wp-content\/uploads\/2026\/09\/Thumb_Cartilha-Desertificacao-Justica-Climatica_VOAflix-300x169.png","type":"image\/png"}],"author":"Darliton","twitter_card":"summary_large_image","twitter_misc":{"Written by":"Darliton","Est. reading time":"2 minutes"},"schema":{"@context":"https:\/\/schema.org","@graph":[{"@type":"Article","@id":"https:\/\/centrosabia.org.br\/en\/2026\/09\/02\/desertificacao-justica-climatica-publicacao-do-centro-sabia-aponta-caminhos-para-enfrentar-a-crise-climatica\/#article","isPartOf":{"@id":"https:\/\/centrosabia.org.br\/en\/2026\/09\/02\/desertificacao-justica-climatica-publicacao-do-centro-sabia-aponta-caminhos-para-enfrentar-a-crise-climatica\/"},"author":{"name":"Darliton","@id":"https:\/\/centrosabia.org.br\/en\/#\/schema\/person\/7e83deaeb43644ce5b93a21b9d24c8d6"},"headline":"Desertification &#038; Climate Justice: A Sabi\u00e1 Center Publication Outlines Ways to Address the Climate Crisis","datePublished":"2026-09-02T14:43:35+00:00","dateModified":"2026-09-02T14:47:58+00:00","mainEntityOfPage":{"@id":"https:\/\/centrosabia.org.br\/en\/2026\/09\/02\/desertificacao-justica-climatica-publicacao-do-centro-sabia-aponta-caminhos-para-enfrentar-a-crise-climatica\/"},"wordCount":443,"commentCount":0,"publisher":{"@id":"https:\/\/centrosabia.org.br\/en\/#organization"},"image":{"@id":"https:\/\/centrosabia.org.br\/en\/2026\/09\/02\/desertificacao-justica-climatica-publicacao-do-centro-sabia-aponta-caminhos-para-enfrentar-a-crise-climatica\/#primaryimage"},"thumbnailUrl":"https:\/\/centrosabia.org.br\/wp-content\/uploads\/2026\/09\/Thumb_Cartilha-Desertificacao-Justica-Climatica_VOAflix.png","keywords":["Agroecolgoia","Brazilian semi-arid region","Caatinga","Caatinga Climate Week","Desertifica\u00e7\u00e3o","Justi\u00e7a Clim\u00e1tica","Meio Ambiente","Sabi\u00e1 Center","Weather"],"articleSection":["News"],"inLanguage":"en-US","potentialAction":[{"@type":"CommentAction","name":"Comment","target":["https:\/\/centrosabia.org.br\/en\/2026\/09\/02\/desertificacao-justica-climatica-publicacao-do-centro-sabia-aponta-caminhos-para-enfrentar-a-crise-climatica\/#respond"]}]},{"@type":"WebPage","@id":"https:\/\/centrosabia.org.br\/en\/2026\/09\/02\/desertificacao-justica-climatica-publicacao-do-centro-sabia-aponta-caminhos-para-enfrentar-a-crise-climatica\/","url":"https:\/\/centrosabia.org.br\/en\/2026\/09\/02\/desertificacao-justica-climatica-publicacao-do-centro-sabia-aponta-caminhos-para-enfrentar-a-crise-climatica\/","name":"Desertification & Climate Justice: A Sabi\u00e1 Center Publication Outlines Ways to Address the Climate Crisis - Centro de Desenvolvimento Agroecol\u00f3gico Sabi\u00e1","isPartOf":{"@id":"https:\/\/centrosabia.org.br\/en\/#website"},"primaryImageOfPage":{"@id":"https:\/\/centrosabia.org.br\/en\/2026\/09\/02\/desertificacao-justica-climatica-publicacao-do-centro-sabia-aponta-caminhos-para-enfrentar-a-crise-climatica\/#primaryimage"},"image":{"@id":"https:\/\/centrosabia.org.br\/en\/2026\/09\/02\/desertificacao-justica-climatica-publicacao-do-centro-sabia-aponta-caminhos-para-enfrentar-a-crise-climatica\/#primaryimage"},"thumbnailUrl":"https:\/\/centrosabia.org.br\/wp-content\/uploads\/2026\/09\/Thumb_Cartilha-Desertificacao-Justica-Climatica_VOAflix.png","datePublished":"2026-09-02T14:43:35+00:00","dateModified":"2026-09-02T14:47:58+00:00","breadcrumb":{"@id":"https:\/\/centrosabia.org.br\/en\/2026\/09\/02\/desertificacao-justica-climatica-publicacao-do-centro-sabia-aponta-caminhos-para-enfrentar-a-crise-climatica\/#breadcrumb"},"inLanguage":"en-US","potentialAction":[{"@type":"ReadAction","target":["https:\/\/centrosabia.org.br\/en\/2026\/09\/02\/desertificacao-justica-climatica-publicacao-do-centro-sabia-aponta-caminhos-para-enfrentar-a-crise-climatica\/"]}]},{"@type":"ImageObject","inLanguage":"en-US","@id":"https:\/\/centrosabia.org.br\/en\/2026\/09\/02\/desertificacao-justica-climatica-publicacao-do-centro-sabia-aponta-caminhos-para-enfrentar-a-crise-climatica\/#primaryimage","url":"https:\/\/centrosabia.org.br\/wp-content\/uploads\/2026\/09\/Thumb_Cartilha-Desertificacao-Justica-Climatica_VOAflix.png","contentUrl":"https:\/\/centrosabia.org.br\/wp-content\/uploads\/2026\/09\/Thumb_Cartilha-Desertificacao-Justica-Climatica_VOAflix.png","width":512,"height":288},{"@type":"BreadcrumbList","@id":"https:\/\/centrosabia.org.br\/en\/2026\/09\/02\/desertificacao-justica-climatica-publicacao-do-centro-sabia-aponta-caminhos-para-enfrentar-a-crise-climatica\/#breadcrumb","itemListElement":[{"@type":"ListItem","position":1,"name":"In\u00edcio","item":"https:\/\/centrosabia.org.br\/en\/"},{"@type":"ListItem","position":2,"name":"Desertification &#038; Climate Justice: A Sabi\u00e1 Center Publication Outlines Ways to Address the Climate Crisis"}]},{"@type":"WebSite","@id":"https:\/\/centrosabia.org.br\/en\/#website","url":"https:\/\/centrosabia.org.br\/en\/","name":"Centro de Desenvolvimento Agroecol\u00f3gico Sabi\u00e1","description":"","publisher":{"@id":"https:\/\/centrosabia.org.br\/en\/#organization"},"potentialAction":[{"@type":"SearchAction","target":{"@type":"EntryPoint","urlTemplate":"https:\/\/centrosabia.org.br\/en\/?s={search_term_string}"},"query-input":{"@type":"PropertyValueSpecification","valueRequired":true,"valueName":"search_term_string"}}],"inLanguage":"en-US"},{"@type":"Organization","@id":"https:\/\/centrosabia.org.br\/en\/#organization","name":"Centro de Desenvolvimento Agroecol\u00f3gico Sabi\u00e1","url":"https:\/\/centrosabia.org.br\/en\/","logo":{"@type":"ImageObject","inLanguage":"en-US","@id":"https:\/\/centrosabia.org.br\/en\/#\/schema\/logo\/image\/","url":"https:\/\/centrosabia.org.br\/wp-content\/uploads\/2021\/10\/logo.png","contentUrl":"https:\/\/centrosabia.org.br\/wp-content\/uploads\/2021\/10\/logo.png","width":174,"height":84,"caption":"Centro de Desenvolvimento Agroecol\u00f3gico Sabi\u00e1"},"image":{"@id":"https:\/\/centrosabia.org.br\/en\/#\/schema\/logo\/image\/"}},{"@type":"Person","@id":"https:\/\/centrosabia.org.br\/en\/#\/schema\/person\/7e83deaeb43644ce5b93a21b9d24c8d6","name":"Darliton","image":{"@type":"ImageObject","inLanguage":"en-US","@id":"https:\/\/secure.gravatar.com\/avatar\/abb43c9d012bc9e4677cba1d82588694a509da0a3479cb06ce66c26da27e1642?s=96&d=mm&r=g","url":"https:\/\/secure.gravatar.com\/avatar\/abb43c9d012bc9e4677cba1d82588694a509da0a3479cb06ce66c26da27e1642?s=96&d=mm&r=g","contentUrl":"https:\/\/secure.gravatar.com\/avatar\/abb43c9d012bc9e4677cba1d82588694a509da0a3479cb06ce66c26da27e1642?s=96&d=mm&r=g","caption":"Darliton"},"description":"Comunicador popular, administrador, p\u00f3s-graduado em projetos sociais e pol\u00edticas p\u00fablicas, especialista media social, militante da agroecologia, conviv\u00eancia com semi\u00e1rido, direitos humanos, preserva\u00e7\u00e3o ambiental e direitos de trabalhadoras e trabalhadores.","url":"https:\/\/centrosabia.org.br\/en\/author\/darliton\/"}]}},"_links":{"self":[{"href":"https:\/\/centrosabia.org.br\/en\/wp-json\/wp\/v2\/posts\/33708","targetHints":{"allow":["GET"]}}],"collection":[{"href":"https:\/\/centrosabia.org.br\/en\/wp-json\/wp\/v2\/posts"}],"about":[{"href":"https:\/\/centrosabia.org.br\/en\/wp-json\/wp\/v2\/types\/post"}],"author":[{"embeddable":true,"href":"https:\/\/centrosabia.org.br\/en\/wp-json\/wp\/v2\/users\/2"}],"replies":[{"embeddable":true,"href":"https:\/\/centrosabia.org.br\/en\/wp-json\/wp\/v2\/comments?post=33708"}],"version-history":[{"count":2,"href":"https:\/\/centrosabia.org.br\/en\/wp-json\/wp\/v2\/posts\/33708\/revisions"}],"predecessor-version":[{"id":33711,"href":"https:\/\/centrosabia.org.br\/en\/wp-json\/wp\/v2\/posts\/33708\/revisions\/33711"}],"wp:featuredmedia":[{"embeddable":true,"href":"https:\/\/centrosabia.org.br\/en\/wp-json\/wp\/v2\/media\/33694"}],"wp:attachment":[{"href":"https:\/\/centrosabia.org.br\/en\/wp-json\/wp\/v2\/media?parent=33708"}],"wp:term":[{"taxonomy":"category","embeddable":true,"href":"https:\/\/centrosabia.org.br\/en\/wp-json\/wp\/v2\/categories?post=33708"},{"taxonomy":"post_tag","embeddable":true,"href":"https:\/\/centrosabia.org.br\/en\/wp-json\/wp\/v2\/tags?post=33708"}],"curies":[{"name":"wp","href":"https:\/\/api.w.org\/{rel}","templated":true}]}}