{"id":32310,"date":"2026-04-28T12:18:39","date_gmt":"2026-04-28T15:18:39","guid":{"rendered":"https:\/\/centrosabia.org.br\/2026\/04\/28\/caatinga-do-esquecimento-a-vanguarda-climatica\/"},"modified":"2026-04-28T12:21:11","modified_gmt":"2026-04-28T15:21:11","slug":"caatinga-do-esquecimento-a-vanguarda-climatica","status":"publish","type":"post","link":"https:\/\/centrosabia.org.br\/es\/2026\/04\/28\/caatinga-do-esquecimento-a-vanguarda-climatica\/","title":{"rendered":"Caatinga, del olvido a la vanguardia clim\u00e1tica"},"content":{"rendered":"\n<p class=\"has-text-align-center has-palette-color-2-color has-text-color has-link-color has-medium-font-size wp-elements-1db2607269eaf5272938a59786074e4f\">Los biomas son el tipo de conocimiento que el mundo necesita y que Brasil se empe\u00f1a en ignorar; no se trata s\u00f3lo del medio ambiente, sino tambi\u00e9n de la econom\u00eda y el desarrollo.<\/p>\n\n<p><em><a href=\"https:\/\/www.linkedin.com\/in\/carlosmagnommorais\/\" data-type=\"link\" data-id=\"https:\/\/www.linkedin.com\/in\/carlosmagnommorais\/\">Por Carlos Magno de Medeiros Morais<\/a><\/em><br\/>Coordinador del Centro de Desarrollo Agroecol\u00f3gico de Sabi\u00e1 y creador de la Semana del Clima de Caatinga<\/p>\n\n<div class=\"wp-block-getwid-images-slider has-arrows-inside has-dots-inside has-images-center has-cropped-images\"><div class=\"wp-block-getwid-images-slider__wrapper\" data-effect=\"slide\" data-slides-show=\"1\" data-slides-show-laptop=\"1\" data-slides-show-tablet=\"1\" data-slides-show-mobile=\"1\" data-slides-scroll=\"1\" data-autoplay=\"false\" data-pause-hover=\"false\" data-autoplay-speed=\"6000\" data-infinite=\"true\" data-animation-speed=\"800\" data-center-mode=\"false\" data-variable-width=\"false\" data-arrows=\"inside\" data-dots=\"inside\" data-spacing=\"none\"><div class=\"wp-block-getwid-images-slider__item\"><figure><img loading=\"lazy\" decoding=\"async\" width=\"2560\" height=\"1707\" src=\"https:\/\/centrosabia.org.br\/wp-content\/uploads\/2026\/04\/Foto7-Nay-Jinkings-Acervo-Centro-Sabia-scaled.jpg\" data-id=\"32302\" data-link=\"https:\/\/centrosabia.org.br\/?attachment_id=32302\" data-original-link=\"https:\/\/centrosabia.org.br\/wp-content\/uploads\/2026\/04\/Foto7-Nay-Jinkings-Acervo-Centro-Sabia-scaled.jpg\" class=\"wp-block-getwid-images-slider__image wp-image-32302\" srcset=\"https:\/\/centrosabia.org.br\/wp-content\/uploads\/2026\/04\/Foto7-Nay-Jinkings-Acervo-Centro-Sabia-scaled.jpg 2560w, https:\/\/centrosabia.org.br\/wp-content\/uploads\/2026\/04\/Foto7-Nay-Jinkings-Acervo-Centro-Sabia-300x200.jpg 300w, https:\/\/centrosabia.org.br\/wp-content\/uploads\/2026\/04\/Foto7-Nay-Jinkings-Acervo-Centro-Sabia-1024x683.jpg 1024w, https:\/\/centrosabia.org.br\/wp-content\/uploads\/2026\/04\/Foto7-Nay-Jinkings-Acervo-Centro-Sabia-768x512.jpg 768w, https:\/\/centrosabia.org.br\/wp-content\/uploads\/2026\/04\/Foto7-Nay-Jinkings-Acervo-Centro-Sabia-1536x1024.jpg 1536w, https:\/\/centrosabia.org.br\/wp-content\/uploads\/2026\/04\/Foto7-Nay-Jinkings-Acervo-Centro-Sabia-2048x1366.jpg 2048w\" sizes=\"auto, (max-width: 2560px) 100vw, 2560px\" \/><\/figure><\/div><div class=\"wp-block-getwid-images-slider__item\"><figure><img loading=\"lazy\" decoding=\"async\" width=\"2560\" height=\"1707\" src=\"https:\/\/centrosabia.org.br\/wp-content\/uploads\/2026\/04\/BRAPE_957_KOPP406750.jpg-scaled.jpeg\" data-id=\"32299\" data-link=\"https:\/\/centrosabia.org.br\/?attachment_id=32299\" data-original-link=\"https:\/\/centrosabia.org.br\/wp-content\/uploads\/2026\/04\/BRAPE_957_KOPP406750.jpg-scaled.jpeg\" class=\"wp-block-getwid-images-slider__image wp-image-32299\" srcset=\"https:\/\/centrosabia.org.br\/wp-content\/uploads\/2026\/04\/BRAPE_957_KOPP406750.jpg-scaled.jpeg 2560w, https:\/\/centrosabia.org.br\/wp-content\/uploads\/2026\/04\/BRAPE_957_KOPP406750.jpg-300x200.jpeg 300w, https:\/\/centrosabia.org.br\/wp-content\/uploads\/2026\/04\/BRAPE_957_KOPP406750.jpg-1024x683.jpeg 1024w, https:\/\/centrosabia.org.br\/wp-content\/uploads\/2026\/04\/BRAPE_957_KOPP406750.jpg-768x512.jpeg 768w, https:\/\/centrosabia.org.br\/wp-content\/uploads\/2026\/04\/BRAPE_957_KOPP406750.jpg-1536x1024.jpeg 1536w, https:\/\/centrosabia.org.br\/wp-content\/uploads\/2026\/04\/BRAPE_957_KOPP406750.jpg-2048x1365.jpeg 2048w\" sizes=\"auto, (max-width: 2560px) 100vw, 2560px\" \/><\/figure><\/div><div class=\"wp-block-getwid-images-slider__item\"><figure><img loading=\"lazy\" decoding=\"async\" width=\"2560\" height=\"1707\" src=\"https:\/\/centrosabia.org.br\/wp-content\/uploads\/2026\/04\/Foto-2-scaled.jpg\" data-id=\"32305\" data-link=\"https:\/\/centrosabia.org.br\/?attachment_id=32305\" data-original-link=\"https:\/\/centrosabia.org.br\/wp-content\/uploads\/2026\/04\/Foto-2-scaled.jpg\" class=\"wp-block-getwid-images-slider__image wp-image-32305\" srcset=\"https:\/\/centrosabia.org.br\/wp-content\/uploads\/2026\/04\/Foto-2-scaled.jpg 2560w, https:\/\/centrosabia.org.br\/wp-content\/uploads\/2026\/04\/Foto-2-300x200.jpg 300w, https:\/\/centrosabia.org.br\/wp-content\/uploads\/2026\/04\/Foto-2-1024x683.jpg 1024w, https:\/\/centrosabia.org.br\/wp-content\/uploads\/2026\/04\/Foto-2-768x512.jpg 768w, https:\/\/centrosabia.org.br\/wp-content\/uploads\/2026\/04\/Foto-2-1536x1024.jpg 1536w, https:\/\/centrosabia.org.br\/wp-content\/uploads\/2026\/04\/Foto-2-2048x1365.jpg 2048w\" sizes=\"auto, (max-width: 2560px) 100vw, 2560px\" \/><\/figure><\/div><\/div><\/div>\n\n<p>Haz una prueba r\u00e1pida: abre Google, busca \u00abinterior nordeste\u00bb y mira las primeras im\u00e1genes durante veinte segundos. Luego sustit\u00fayelo por \u00ablitoral nordeste\u00bb y repite. \u00bfD\u00f3nde elegir\u00edas pasar tus vacaciones? La respuesta es obvia y ah\u00ed es exactamente donde radica el problema. Una regi\u00f3n de casi 30 millones de habitantes, la mayor zona semi\u00e1rida poblada del mundo, sigue estando representada por tierra agrietada, ni\u00f1os hambrientos y mujeres que llevan bidones de agua en la cabeza. Pide a cualquier proveedor de inteligencia artificial que genere una imagen del interior y otra de la costa: el resultado ser\u00e1 el mismo. La estrategia del \u00abrelato \u00fanico\u00bb de la escritora nigeriana Chimamanda Adichie sigue poblando nuestras mentes y, por supuesto, este lugar llamado Internet.      <\/p>\n\n<p>Pero hoy, 28 de abril, D\u00eda Nacional de la Caatinga, Brasil necesita cambiar la lente y mirar mejor este lugar. La Caatinga no es el bioma del atraso, sino el bioma que Brasil necesitar\u00e1 comprender cuando la crisis clim\u00e1tica llame a nuestra puerta. <\/p>\n\n<p>La Caatinga, en tup\u00ed \u00abselva blanca\u00bb por el color gris de los \u00e1rboles que pierden las hojas con la sequ\u00eda, es el \u00fanico bioma exclusivamente brasile\u00f1o. Cubre alrededor del 11% del pa\u00eds y alberga especies \u00fanicas en el mundo. Plantas que hibernan durante la estaci\u00f3n seca y almacenan agua en sus ra\u00edces. Decenas de especies de abejas aut\u00f3ctonas que han coevolucionado con la flora local durante milenios. Un patrimonio biol\u00f3gico que, en pleno calentamiento global, es precisamente el tipo de conocimiento que el mundo busca desesperadamente y que Brasil insiste en ignorar.    <\/p>\n\n<p>Esta invisibilidad tiene un coste. En noviembre de 2023, el Cemaden identific\u00f3 la primera zona \u00e1rida entre Bah\u00eda y Pernambuco, la primera zona des\u00e9rtica de Brasil. Y el impacto no es s\u00f3lo medioambiental. La mitad de la agricultura familiar del pa\u00eds se encuentra en el Nordeste, seg\u00fan el \u00faltimo Censo Agrario. Estas familias son responsables de la producci\u00f3n de alimentos en la regi\u00f3n. Degradar la Caatinga es degradar la seguridad alimentaria de todo un pueblo.     <\/p>\n\n<p>Pero hay otras historias que contar. Una de ellas comienza con la lluvia. <\/p>\n\n<p>A principios de la d\u00e9cada de 2000, la Articula\u00e7\u00e3o do Semi\u00e1rido Brasileiro (ASA) propuso algo sencillo y revolucionario: recoger el agua de lluvia de los tejados de las casas de las zonas rurales y almacenarla en cisternas. No hubo magia, fue un alba\u00f1il de Sergipe quien, al emigrar a S\u00e3o Paulo para construir piscinas, decidi\u00f3 hacer cisternas redondas m\u00e1s sencillas. Este conocimiento se puso a prueba, se sistematiz\u00f3 y se ampli\u00f3. Bajo la presi\u00f3n de la sociedad civil, el gobierno federal convirti\u00f3 el Programa Un Mill\u00f3n de Cisternas en pol\u00edtica p\u00fablica. Hoy se han construido m\u00e1s de 1,3 millones de cisternas, que llevan agua potable a m\u00e1s de 5 millones de personas de forma continuada. Es uno de los mayores programas de adaptaci\u00f3n clim\u00e1tica de las tierras \u00e1ridas del mundo.     <\/p>\n\n<p>Durante d\u00e9cadas, la regi\u00f3n semi\u00e1rida ha sido tratada como una regi\u00f3n problem\u00e1tica. Lo que las comunidades sertanejas han construido, con poco esfuerzo y en condiciones adversas, demuestra que es una regi\u00f3n soluci\u00f3n en tiempos de crisis clim\u00e1tica. Una oportunidad para conocerla mejor es a trav\u00e9s de <a href=\"https:\/\/www1.folha.uol.com.br\/ambiente\/2025\/10\/caatinga-climate-week-ignora-eua-e-coloca-semiarido-no-centro-da-adaptacao-climatica.shtml\">la Semana del Clima de Caatinga<\/a>, donde los protagonistas son quienes viven y producen en la regi\u00f3n semi\u00e1rida, no quienes s\u00f3lo hablan de ella.     <\/p>\n\n<p>Restaurar 1 mill\u00f3n de hect\u00e1reas de Caatinga generar\u00eda casi 466.000 puestos de trabajo y producir\u00eda m\u00e1s de 7 millones de toneladas de alimentos, con un rendimiento econ\u00f3mico de casi el doble de la inversi\u00f3n, seg\u00fan el Instituto Escolha. No se trata s\u00f3lo del medio ambiente, sino de la econom\u00eda y el desarrollo. <\/p>\n\n<p>La Caatinga ha acumulado siglos de experiencia con lo que la crisis clim\u00e1tica est\u00e1 imponiendo ahora a todo el planeta: calor, sequ\u00eda e irregularidad h\u00eddrica. Seg\u00fan la Convenci\u00f3n de las Naciones Unidas de Lucha contra la Desertificaci\u00f3n (UNCCD), el 40% de la tierra del planeta ya se considera seca, lo que pone a miles de millones de personas en riesgo de escasez de agua en las pr\u00f3ximas d\u00e9cadas. \u00bfQui\u00e9n estar\u00eda mejor preparado para afrontar este futuro que las personas que llevan siglos cultivando la vida, la cultura y los alimentos en estas regiones?  <\/p>\n\n<p>La Caatinga ha respondido a la sequ\u00eda durante siglos. Ahora necesita responder a la invisibilidad. <\/p>\n\n<p><strong>* Reproducido de Folha de S\u00e3o Paulo<\/strong><\/p>\n\n<p><\/p>\n","protected":false},"excerpt":{"rendered":"","protected":false},"author":2,"featured_media":32301,"comment_status":"open","ping_status":"open","sticky":false,"template":"","format":"standard","meta":{"_acf_changed":false,"ano":0,"footnotes":""},"categories":[218],"tags":[],"class_list":["post-32310","post","type-post","status-publish","format-standard","has-post-thumbnail","hentry","category-noticias-es"],"blocksy_meta":[],"acf":[],"yoast_head":"<!-- This site is optimized with the Yoast SEO plugin v27.4 - https:\/\/yoast.com\/product\/yoast-seo-wordpress\/ -->\n<title>Caatinga, del olvido a la vanguardia clim\u00e1tica - Centro de Desenvolvimento Agroecol\u00f3gico Sabi\u00e1<\/title>\n<meta name=\"robots\" content=\"index, follow, max-snippet:-1, max-image-preview:large, max-video-preview:-1\" \/>\n<link rel=\"canonical\" href=\"https:\/\/centrosabia.org.br\/es\/2026\/04\/28\/caatinga-do-esquecimento-a-vanguarda-climatica\/\" \/>\n<meta property=\"og:locale\" content=\"es_ES\" \/>\n<meta property=\"og:type\" content=\"article\" \/>\n<meta property=\"og:title\" content=\"Caatinga, del olvido a la vanguardia clim\u00e1tica - Centro de Desenvolvimento Agroecol\u00f3gico Sabi\u00e1\" \/>\n<meta property=\"og:url\" content=\"https:\/\/centrosabia.org.br\/es\/2026\/04\/28\/caatinga-do-esquecimento-a-vanguarda-climatica\/\" \/>\n<meta property=\"og:site_name\" content=\"Centro de Desenvolvimento Agroecol\u00f3gico Sabi\u00e1\" \/>\n<meta property=\"article:published_time\" content=\"2026-04-28T15:18:39+00:00\" \/>\n<meta property=\"article:modified_time\" content=\"2026-04-28T15:21:11+00:00\" \/>\n<meta property=\"og:image\" content=\"https:\/\/centrosabia.org.br\/wp-content\/uploads\/2026\/04\/BRAPE_957_KOPP406750.jpg-300x200.jpeg\" \/>\n\t<meta property=\"og:image:width\" content=\"300\" \/>\n\t<meta property=\"og:image:height\" content=\"200\" \/>\n\t<meta property=\"og:image:type\" content=\"image\/jpeg\" \/>\n<meta name=\"author\" content=\"Darliton\" \/>\n<meta name=\"twitter:card\" content=\"summary_large_image\" \/>\n<meta name=\"twitter:label1\" content=\"Escrito por\" \/>\n\t<meta name=\"twitter:data1\" content=\"Darliton\" \/>\n\t<meta name=\"twitter:label2\" content=\"Tiempo de lectura\" \/>\n\t<meta name=\"twitter:data2\" content=\"4 minutos\" \/>\n<script type=\"application\/ld+json\" class=\"yoast-schema-graph\">{\"@context\":\"https:\\\/\\\/schema.org\",\"@graph\":[{\"@type\":\"Article\",\"@id\":\"https:\\\/\\\/centrosabia.org.br\\\/es\\\/2026\\\/04\\\/28\\\/caatinga-do-esquecimento-a-vanguarda-climatica\\\/#article\",\"isPartOf\":{\"@id\":\"https:\\\/\\\/centrosabia.org.br\\\/es\\\/2026\\\/04\\\/28\\\/caatinga-do-esquecimento-a-vanguarda-climatica\\\/\"},\"author\":{\"name\":\"Darliton\",\"@id\":\"https:\\\/\\\/centrosabia.org.br\\\/es\\\/#\\\/schema\\\/person\\\/7e83deaeb43644ce5b93a21b9d24c8d6\"},\"headline\":\"Caatinga, del olvido a la vanguardia clim\u00e1tica\",\"datePublished\":\"2026-04-28T15:18:39+00:00\",\"dateModified\":\"2026-04-28T15:21:11+00:00\",\"mainEntityOfPage\":{\"@id\":\"https:\\\/\\\/centrosabia.org.br\\\/es\\\/2026\\\/04\\\/28\\\/caatinga-do-esquecimento-a-vanguarda-climatica\\\/\"},\"wordCount\":838,\"commentCount\":0,\"publisher\":{\"@id\":\"https:\\\/\\\/centrosabia.org.br\\\/es\\\/#organization\"},\"image\":{\"@id\":\"https:\\\/\\\/centrosabia.org.br\\\/es\\\/2026\\\/04\\\/28\\\/caatinga-do-esquecimento-a-vanguarda-climatica\\\/#primaryimage\"},\"thumbnailUrl\":\"https:\\\/\\\/centrosabia.org.br\\\/wp-content\\\/uploads\\\/2026\\\/04\\\/BRAPE_957_KOPP406750.jpg-scaled.jpeg\",\"articleSection\":[\"Noticias\"],\"inLanguage\":\"es\",\"potentialAction\":[{\"@type\":\"CommentAction\",\"name\":\"Comment\",\"target\":[\"https:\\\/\\\/centrosabia.org.br\\\/es\\\/2026\\\/04\\\/28\\\/caatinga-do-esquecimento-a-vanguarda-climatica\\\/#respond\"]}]},{\"@type\":\"WebPage\",\"@id\":\"https:\\\/\\\/centrosabia.org.br\\\/es\\\/2026\\\/04\\\/28\\\/caatinga-do-esquecimento-a-vanguarda-climatica\\\/\",\"url\":\"https:\\\/\\\/centrosabia.org.br\\\/es\\\/2026\\\/04\\\/28\\\/caatinga-do-esquecimento-a-vanguarda-climatica\\\/\",\"name\":\"Caatinga, del olvido a la vanguardia clim\u00e1tica - Centro de Desenvolvimento Agroecol\u00f3gico Sabi\u00e1\",\"isPartOf\":{\"@id\":\"https:\\\/\\\/centrosabia.org.br\\\/es\\\/#website\"},\"primaryImageOfPage\":{\"@id\":\"https:\\\/\\\/centrosabia.org.br\\\/es\\\/2026\\\/04\\\/28\\\/caatinga-do-esquecimento-a-vanguarda-climatica\\\/#primaryimage\"},\"image\":{\"@id\":\"https:\\\/\\\/centrosabia.org.br\\\/es\\\/2026\\\/04\\\/28\\\/caatinga-do-esquecimento-a-vanguarda-climatica\\\/#primaryimage\"},\"thumbnailUrl\":\"https:\\\/\\\/centrosabia.org.br\\\/wp-content\\\/uploads\\\/2026\\\/04\\\/BRAPE_957_KOPP406750.jpg-scaled.jpeg\",\"datePublished\":\"2026-04-28T15:18:39+00:00\",\"dateModified\":\"2026-04-28T15:21:11+00:00\",\"breadcrumb\":{\"@id\":\"https:\\\/\\\/centrosabia.org.br\\\/es\\\/2026\\\/04\\\/28\\\/caatinga-do-esquecimento-a-vanguarda-climatica\\\/#breadcrumb\"},\"inLanguage\":\"es\",\"potentialAction\":[{\"@type\":\"ReadAction\",\"target\":[\"https:\\\/\\\/centrosabia.org.br\\\/es\\\/2026\\\/04\\\/28\\\/caatinga-do-esquecimento-a-vanguarda-climatica\\\/\"]}]},{\"@type\":\"ImageObject\",\"inLanguage\":\"es\",\"@id\":\"https:\\\/\\\/centrosabia.org.br\\\/es\\\/2026\\\/04\\\/28\\\/caatinga-do-esquecimento-a-vanguarda-climatica\\\/#primaryimage\",\"url\":\"https:\\\/\\\/centrosabia.org.br\\\/wp-content\\\/uploads\\\/2026\\\/04\\\/BRAPE_957_KOPP406750.jpg-scaled.jpeg\",\"contentUrl\":\"https:\\\/\\\/centrosabia.org.br\\\/wp-content\\\/uploads\\\/2026\\\/04\\\/BRAPE_957_KOPP406750.jpg-scaled.jpeg\",\"width\":2560,\"height\":1707,\"caption\":\"Zisterne f\u00fcr das Speichern von Wasser ist im trockenen Sertao von gro\u00dfer Bedeutung - Besuch auf dem agro\u00f6kologischen Hof von Desolange Rom\u00e3o da Silva, Projektpartner Centro Sabi\u00e1, Pernambuco, Brasilien\"},{\"@type\":\"BreadcrumbList\",\"@id\":\"https:\\\/\\\/centrosabia.org.br\\\/es\\\/2026\\\/04\\\/28\\\/caatinga-do-esquecimento-a-vanguarda-climatica\\\/#breadcrumb\",\"itemListElement\":[{\"@type\":\"ListItem\",\"position\":1,\"name\":\"In\u00edcio\",\"item\":\"https:\\\/\\\/centrosabia.org.br\\\/es\\\/\"},{\"@type\":\"ListItem\",\"position\":2,\"name\":\"Caatinga, del olvido a la vanguardia clim\u00e1tica\"}]},{\"@type\":\"WebSite\",\"@id\":\"https:\\\/\\\/centrosabia.org.br\\\/es\\\/#website\",\"url\":\"https:\\\/\\\/centrosabia.org.br\\\/es\\\/\",\"name\":\"Centro de Desenvolvimento Agroecol\u00f3gico Sabi\u00e1\",\"description\":\"\",\"publisher\":{\"@id\":\"https:\\\/\\\/centrosabia.org.br\\\/es\\\/#organization\"},\"potentialAction\":[{\"@type\":\"SearchAction\",\"target\":{\"@type\":\"EntryPoint\",\"urlTemplate\":\"https:\\\/\\\/centrosabia.org.br\\\/es\\\/?s={search_term_string}\"},\"query-input\":{\"@type\":\"PropertyValueSpecification\",\"valueRequired\":true,\"valueName\":\"search_term_string\"}}],\"inLanguage\":\"es\"},{\"@type\":\"Organization\",\"@id\":\"https:\\\/\\\/centrosabia.org.br\\\/es\\\/#organization\",\"name\":\"Centro de Desenvolvimento Agroecol\u00f3gico Sabi\u00e1\",\"url\":\"https:\\\/\\\/centrosabia.org.br\\\/es\\\/\",\"logo\":{\"@type\":\"ImageObject\",\"inLanguage\":\"es\",\"@id\":\"https:\\\/\\\/centrosabia.org.br\\\/es\\\/#\\\/schema\\\/logo\\\/image\\\/\",\"url\":\"https:\\\/\\\/centrosabia.org.br\\\/wp-content\\\/uploads\\\/2021\\\/10\\\/logo.png\",\"contentUrl\":\"https:\\\/\\\/centrosabia.org.br\\\/wp-content\\\/uploads\\\/2021\\\/10\\\/logo.png\",\"width\":174,\"height\":84,\"caption\":\"Centro de Desenvolvimento Agroecol\u00f3gico Sabi\u00e1\"},\"image\":{\"@id\":\"https:\\\/\\\/centrosabia.org.br\\\/es\\\/#\\\/schema\\\/logo\\\/image\\\/\"}},{\"@type\":\"Person\",\"@id\":\"https:\\\/\\\/centrosabia.org.br\\\/es\\\/#\\\/schema\\\/person\\\/7e83deaeb43644ce5b93a21b9d24c8d6\",\"name\":\"Darliton\",\"image\":{\"@type\":\"ImageObject\",\"inLanguage\":\"es\",\"@id\":\"https:\\\/\\\/secure.gravatar.com\\\/avatar\\\/abb43c9d012bc9e4677cba1d82588694a509da0a3479cb06ce66c26da27e1642?s=96&d=mm&r=g\",\"url\":\"https:\\\/\\\/secure.gravatar.com\\\/avatar\\\/abb43c9d012bc9e4677cba1d82588694a509da0a3479cb06ce66c26da27e1642?s=96&d=mm&r=g\",\"contentUrl\":\"https:\\\/\\\/secure.gravatar.com\\\/avatar\\\/abb43c9d012bc9e4677cba1d82588694a509da0a3479cb06ce66c26da27e1642?s=96&d=mm&r=g\",\"caption\":\"Darliton\"},\"description\":\"Comunicador popular, administrador, p\u00f3s-graduado em projetos sociais e pol\u00edticas p\u00fablicas, especialista media social, militante da agroecologia, conviv\u00eancia com semi\u00e1rido, direitos humanos, preserva\u00e7\u00e3o ambiental e direitos de trabalhadoras e trabalhadores.\",\"url\":\"https:\\\/\\\/centrosabia.org.br\\\/es\\\/author\\\/darliton\\\/\"}]}<\/script>\n<!-- \/ Yoast SEO plugin. -->","yoast_head_json":{"title":"Caatinga, del olvido a la vanguardia clim\u00e1tica - Centro de Desenvolvimento Agroecol\u00f3gico Sabi\u00e1","robots":{"index":"index","follow":"follow","max-snippet":"max-snippet:-1","max-image-preview":"max-image-preview:large","max-video-preview":"max-video-preview:-1"},"canonical":"https:\/\/centrosabia.org.br\/es\/2026\/04\/28\/caatinga-do-esquecimento-a-vanguarda-climatica\/","og_locale":"es_ES","og_type":"article","og_title":"Caatinga, del olvido a la vanguardia clim\u00e1tica - Centro de Desenvolvimento Agroecol\u00f3gico Sabi\u00e1","og_url":"https:\/\/centrosabia.org.br\/es\/2026\/04\/28\/caatinga-do-esquecimento-a-vanguarda-climatica\/","og_site_name":"Centro de Desenvolvimento Agroecol\u00f3gico Sabi\u00e1","article_published_time":"2026-04-28T15:18:39+00:00","article_modified_time":"2026-04-28T15:21:11+00:00","og_image":[{"width":300,"height":200,"url":"https:\/\/centrosabia.org.br\/wp-content\/uploads\/2026\/04\/BRAPE_957_KOPP406750.jpg-300x200.jpeg","type":"image\/jpeg"}],"author":"Darliton","twitter_card":"summary_large_image","twitter_misc":{"Escrito por":"Darliton","Tiempo de lectura":"4 minutos"},"schema":{"@context":"https:\/\/schema.org","@graph":[{"@type":"Article","@id":"https:\/\/centrosabia.org.br\/es\/2026\/04\/28\/caatinga-do-esquecimento-a-vanguarda-climatica\/#article","isPartOf":{"@id":"https:\/\/centrosabia.org.br\/es\/2026\/04\/28\/caatinga-do-esquecimento-a-vanguarda-climatica\/"},"author":{"name":"Darliton","@id":"https:\/\/centrosabia.org.br\/es\/#\/schema\/person\/7e83deaeb43644ce5b93a21b9d24c8d6"},"headline":"Caatinga, del olvido a la vanguardia clim\u00e1tica","datePublished":"2026-04-28T15:18:39+00:00","dateModified":"2026-04-28T15:21:11+00:00","mainEntityOfPage":{"@id":"https:\/\/centrosabia.org.br\/es\/2026\/04\/28\/caatinga-do-esquecimento-a-vanguarda-climatica\/"},"wordCount":838,"commentCount":0,"publisher":{"@id":"https:\/\/centrosabia.org.br\/es\/#organization"},"image":{"@id":"https:\/\/centrosabia.org.br\/es\/2026\/04\/28\/caatinga-do-esquecimento-a-vanguarda-climatica\/#primaryimage"},"thumbnailUrl":"https:\/\/centrosabia.org.br\/wp-content\/uploads\/2026\/04\/BRAPE_957_KOPP406750.jpg-scaled.jpeg","articleSection":["Noticias"],"inLanguage":"es","potentialAction":[{"@type":"CommentAction","name":"Comment","target":["https:\/\/centrosabia.org.br\/es\/2026\/04\/28\/caatinga-do-esquecimento-a-vanguarda-climatica\/#respond"]}]},{"@type":"WebPage","@id":"https:\/\/centrosabia.org.br\/es\/2026\/04\/28\/caatinga-do-esquecimento-a-vanguarda-climatica\/","url":"https:\/\/centrosabia.org.br\/es\/2026\/04\/28\/caatinga-do-esquecimento-a-vanguarda-climatica\/","name":"Caatinga, del olvido a la vanguardia clim\u00e1tica - Centro de Desenvolvimento Agroecol\u00f3gico Sabi\u00e1","isPartOf":{"@id":"https:\/\/centrosabia.org.br\/es\/#website"},"primaryImageOfPage":{"@id":"https:\/\/centrosabia.org.br\/es\/2026\/04\/28\/caatinga-do-esquecimento-a-vanguarda-climatica\/#primaryimage"},"image":{"@id":"https:\/\/centrosabia.org.br\/es\/2026\/04\/28\/caatinga-do-esquecimento-a-vanguarda-climatica\/#primaryimage"},"thumbnailUrl":"https:\/\/centrosabia.org.br\/wp-content\/uploads\/2026\/04\/BRAPE_957_KOPP406750.jpg-scaled.jpeg","datePublished":"2026-04-28T15:18:39+00:00","dateModified":"2026-04-28T15:21:11+00:00","breadcrumb":{"@id":"https:\/\/centrosabia.org.br\/es\/2026\/04\/28\/caatinga-do-esquecimento-a-vanguarda-climatica\/#breadcrumb"},"inLanguage":"es","potentialAction":[{"@type":"ReadAction","target":["https:\/\/centrosabia.org.br\/es\/2026\/04\/28\/caatinga-do-esquecimento-a-vanguarda-climatica\/"]}]},{"@type":"ImageObject","inLanguage":"es","@id":"https:\/\/centrosabia.org.br\/es\/2026\/04\/28\/caatinga-do-esquecimento-a-vanguarda-climatica\/#primaryimage","url":"https:\/\/centrosabia.org.br\/wp-content\/uploads\/2026\/04\/BRAPE_957_KOPP406750.jpg-scaled.jpeg","contentUrl":"https:\/\/centrosabia.org.br\/wp-content\/uploads\/2026\/04\/BRAPE_957_KOPP406750.jpg-scaled.jpeg","width":2560,"height":1707,"caption":"Zisterne f\u00fcr das Speichern von Wasser ist im trockenen Sertao von gro\u00dfer Bedeutung - Besuch auf dem agro\u00f6kologischen Hof von Desolange Rom\u00e3o da Silva, Projektpartner Centro Sabi\u00e1, Pernambuco, Brasilien"},{"@type":"BreadcrumbList","@id":"https:\/\/centrosabia.org.br\/es\/2026\/04\/28\/caatinga-do-esquecimento-a-vanguarda-climatica\/#breadcrumb","itemListElement":[{"@type":"ListItem","position":1,"name":"In\u00edcio","item":"https:\/\/centrosabia.org.br\/es\/"},{"@type":"ListItem","position":2,"name":"Caatinga, del olvido a la vanguardia clim\u00e1tica"}]},{"@type":"WebSite","@id":"https:\/\/centrosabia.org.br\/es\/#website","url":"https:\/\/centrosabia.org.br\/es\/","name":"Centro de Desenvolvimento Agroecol\u00f3gico Sabi\u00e1","description":"","publisher":{"@id":"https:\/\/centrosabia.org.br\/es\/#organization"},"potentialAction":[{"@type":"SearchAction","target":{"@type":"EntryPoint","urlTemplate":"https:\/\/centrosabia.org.br\/es\/?s={search_term_string}"},"query-input":{"@type":"PropertyValueSpecification","valueRequired":true,"valueName":"search_term_string"}}],"inLanguage":"es"},{"@type":"Organization","@id":"https:\/\/centrosabia.org.br\/es\/#organization","name":"Centro de Desenvolvimento Agroecol\u00f3gico Sabi\u00e1","url":"https:\/\/centrosabia.org.br\/es\/","logo":{"@type":"ImageObject","inLanguage":"es","@id":"https:\/\/centrosabia.org.br\/es\/#\/schema\/logo\/image\/","url":"https:\/\/centrosabia.org.br\/wp-content\/uploads\/2021\/10\/logo.png","contentUrl":"https:\/\/centrosabia.org.br\/wp-content\/uploads\/2021\/10\/logo.png","width":174,"height":84,"caption":"Centro de Desenvolvimento Agroecol\u00f3gico Sabi\u00e1"},"image":{"@id":"https:\/\/centrosabia.org.br\/es\/#\/schema\/logo\/image\/"}},{"@type":"Person","@id":"https:\/\/centrosabia.org.br\/es\/#\/schema\/person\/7e83deaeb43644ce5b93a21b9d24c8d6","name":"Darliton","image":{"@type":"ImageObject","inLanguage":"es","@id":"https:\/\/secure.gravatar.com\/avatar\/abb43c9d012bc9e4677cba1d82588694a509da0a3479cb06ce66c26da27e1642?s=96&d=mm&r=g","url":"https:\/\/secure.gravatar.com\/avatar\/abb43c9d012bc9e4677cba1d82588694a509da0a3479cb06ce66c26da27e1642?s=96&d=mm&r=g","contentUrl":"https:\/\/secure.gravatar.com\/avatar\/abb43c9d012bc9e4677cba1d82588694a509da0a3479cb06ce66c26da27e1642?s=96&d=mm&r=g","caption":"Darliton"},"description":"Comunicador popular, administrador, p\u00f3s-graduado em projetos sociais e pol\u00edticas p\u00fablicas, especialista media social, militante da agroecologia, conviv\u00eancia com semi\u00e1rido, direitos humanos, preserva\u00e7\u00e3o ambiental e direitos de trabalhadoras e trabalhadores.","url":"https:\/\/centrosabia.org.br\/es\/author\/darliton\/"}]}},"_links":{"self":[{"href":"https:\/\/centrosabia.org.br\/es\/wp-json\/wp\/v2\/posts\/32310","targetHints":{"allow":["GET"]}}],"collection":[{"href":"https:\/\/centrosabia.org.br\/es\/wp-json\/wp\/v2\/posts"}],"about":[{"href":"https:\/\/centrosabia.org.br\/es\/wp-json\/wp\/v2\/types\/post"}],"author":[{"embeddable":true,"href":"https:\/\/centrosabia.org.br\/es\/wp-json\/wp\/v2\/users\/2"}],"replies":[{"embeddable":true,"href":"https:\/\/centrosabia.org.br\/es\/wp-json\/wp\/v2\/comments?post=32310"}],"version-history":[{"count":2,"href":"https:\/\/centrosabia.org.br\/es\/wp-json\/wp\/v2\/posts\/32310\/revisions"}],"predecessor-version":[{"id":32314,"href":"https:\/\/centrosabia.org.br\/es\/wp-json\/wp\/v2\/posts\/32310\/revisions\/32314"}],"wp:featuredmedia":[{"embeddable":true,"href":"https:\/\/centrosabia.org.br\/es\/wp-json\/wp\/v2\/media\/32301"}],"wp:attachment":[{"href":"https:\/\/centrosabia.org.br\/es\/wp-json\/wp\/v2\/media?parent=32310"}],"wp:term":[{"taxonomy":"category","embeddable":true,"href":"https:\/\/centrosabia.org.br\/es\/wp-json\/wp\/v2\/categories?post=32310"},{"taxonomy":"post_tag","embeddable":true,"href":"https:\/\/centrosabia.org.br\/es\/wp-json\/wp\/v2\/tags?post=32310"}],"curies":[{"name":"wp","href":"https:\/\/api.w.org\/{rel}","templated":true}]}}