{"id":32340,"date":"2026-04-28T19:16:11","date_gmt":"2026-04-28T22:16:11","guid":{"rendered":"https:\/\/centrosabia.org.br\/2026\/04\/28\/dia-da-caatinga-ganha-projecoes-em-sao-paulo-brasilia-e-recife-para-falar-sobre-o-bioma-e-a-crise-do-clima\/"},"modified":"2026-04-28T19:20:55","modified_gmt":"2026-04-28T22:20:55","slug":"dia-da-caatinga-ganha-projecoes-em-sao-paulo-brasilia-e-recife-para-falar-sobre-o-bioma-e-a-crise-do-clima","status":"publish","type":"post","link":"https:\/\/centrosabia.org.br\/es\/2026\/04\/28\/dia-da-caatinga-ganha-projecoes-em-sao-paulo-brasilia-e-recife-para-falar-sobre-o-bioma-e-a-crise-do-clima\/","title":{"rendered":"El D\u00eda de la Caatinga se proyecta en S\u00e3o Paulo, Brasilia y Recife para hablar sobre el bioma y la crisis clim\u00e1tica"},"content":{"rendered":"\n<p class=\"has-text-align-center has-palette-color-1-color has-text-color has-link-color has-medium-font-size wp-elements-a27144a073ff2bcdf954851d8492094b\"><em>Acciones realizadas por el Centro Sabi\u00e1 y el Instituto Socioambiental (ISA), en colaboraci\u00f3n con Projetemos, conmemoran el D\u00eda Nacional de la Caatinga<\/em><\/p>\n\n<div class=\"wp-block-getwid-images-slider has-arrows-inside has-dots-inside has-images-center has-cropped-images\"><div class=\"wp-block-getwid-images-slider__wrapper\" data-effect=\"slide\" data-slides-show=\"1\" data-slides-show-laptop=\"1\" data-slides-show-tablet=\"1\" data-slides-show-mobile=\"1\" data-slides-scroll=\"1\" data-autoplay=\"false\" data-pause-hover=\"false\" data-autoplay-speed=\"6000\" data-infinite=\"true\" data-animation-speed=\"800\" data-center-mode=\"false\" data-variable-width=\"false\" data-arrows=\"inside\" data-dots=\"inside\" data-spacing=\"none\"><div class=\"wp-block-getwid-images-slider__item\"><figure><img loading=\"lazy\" decoding=\"async\" width=\"2560\" height=\"853\" src=\"https:\/\/centrosabia.org.br\/wp-content\/uploads\/2026\/04\/Foto-Centro-Sabia-3-scaled.png\" data-id=\"32323\" data-link=\"https:\/\/centrosabia.org.br\/?attachment_id=32323\" data-original-link=\"https:\/\/centrosabia.org.br\/wp-content\/uploads\/2026\/04\/Foto-Centro-Sabia-3-scaled.png\" class=\"wp-block-getwid-images-slider__image wp-image-32323\" srcset=\"https:\/\/centrosabia.org.br\/wp-content\/uploads\/2026\/04\/Foto-Centro-Sabia-3-scaled.png 2560w, https:\/\/centrosabia.org.br\/wp-content\/uploads\/2026\/04\/Foto-Centro-Sabia-3-300x100.png 300w, https:\/\/centrosabia.org.br\/wp-content\/uploads\/2026\/04\/Foto-Centro-Sabia-3-1024x341.png 1024w, https:\/\/centrosabia.org.br\/wp-content\/uploads\/2026\/04\/Foto-Centro-Sabia-3-768x256.png 768w, https:\/\/centrosabia.org.br\/wp-content\/uploads\/2026\/04\/Foto-Centro-Sabia-3-1536x512.png 1536w, https:\/\/centrosabia.org.br\/wp-content\/uploads\/2026\/04\/Foto-Centro-Sabia-3-2048x683.png 2048w\" sizes=\"auto, (max-width: 2560px) 100vw, 2560px\" \/><\/figure><\/div><div class=\"wp-block-getwid-images-slider__item\"><figure><img loading=\"lazy\" decoding=\"async\" width=\"2560\" height=\"853\" src=\"https:\/\/centrosabia.org.br\/wp-content\/uploads\/2026\/04\/Foto-Centro-Sabia-5-scaled.png\" data-id=\"32329\" data-link=\"https:\/\/centrosabia.org.br\/?attachment_id=32329\" data-original-link=\"https:\/\/centrosabia.org.br\/wp-content\/uploads\/2026\/04\/Foto-Centro-Sabia-5-scaled.png\" class=\"wp-block-getwid-images-slider__image wp-image-32329\" srcset=\"https:\/\/centrosabia.org.br\/wp-content\/uploads\/2026\/04\/Foto-Centro-Sabia-5-scaled.png 2560w, https:\/\/centrosabia.org.br\/wp-content\/uploads\/2026\/04\/Foto-Centro-Sabia-5-300x100.png 300w, https:\/\/centrosabia.org.br\/wp-content\/uploads\/2026\/04\/Foto-Centro-Sabia-5-1024x341.png 1024w, https:\/\/centrosabia.org.br\/wp-content\/uploads\/2026\/04\/Foto-Centro-Sabia-5-768x256.png 768w, https:\/\/centrosabia.org.br\/wp-content\/uploads\/2026\/04\/Foto-Centro-Sabia-5-1536x512.png 1536w, https:\/\/centrosabia.org.br\/wp-content\/uploads\/2026\/04\/Foto-Centro-Sabia-5-2048x683.png 2048w\" sizes=\"auto, (max-width: 2560px) 100vw, 2560px\" \/><\/figure><\/div><div class=\"wp-block-getwid-images-slider__item\"><figure><img loading=\"lazy\" decoding=\"async\" width=\"2560\" height=\"853\" src=\"https:\/\/centrosabia.org.br\/wp-content\/uploads\/2026\/04\/Foto-Centro-Sabia-7-scaled.png\" data-id=\"32332\" data-link=\"https:\/\/centrosabia.org.br\/?attachment_id=32332\" data-original-link=\"https:\/\/centrosabia.org.br\/wp-content\/uploads\/2026\/04\/Foto-Centro-Sabia-7-scaled.png\" class=\"wp-block-getwid-images-slider__image wp-image-32332\" srcset=\"https:\/\/centrosabia.org.br\/wp-content\/uploads\/2026\/04\/Foto-Centro-Sabia-7-scaled.png 2560w, https:\/\/centrosabia.org.br\/wp-content\/uploads\/2026\/04\/Foto-Centro-Sabia-7-300x100.png 300w, https:\/\/centrosabia.org.br\/wp-content\/uploads\/2026\/04\/Foto-Centro-Sabia-7-1024x341.png 1024w, https:\/\/centrosabia.org.br\/wp-content\/uploads\/2026\/04\/Foto-Centro-Sabia-7-768x256.png 768w, https:\/\/centrosabia.org.br\/wp-content\/uploads\/2026\/04\/Foto-Centro-Sabia-7-1536x512.png 1536w, https:\/\/centrosabia.org.br\/wp-content\/uploads\/2026\/04\/Foto-Centro-Sabia-7-2048x683.png 2048w\" sizes=\"auto, (max-width: 2560px) 100vw, 2560px\" \/><\/figure><\/div><div class=\"wp-block-getwid-images-slider__item\"><figure><img loading=\"lazy\" decoding=\"async\" width=\"2560\" height=\"853\" src=\"https:\/\/centrosabia.org.br\/wp-content\/uploads\/2026\/04\/Foto-Centro-Sabia-8-scaled.png\" data-id=\"32335\" data-link=\"https:\/\/centrosabia.org.br\/?attachment_id=32335\" data-original-link=\"https:\/\/centrosabia.org.br\/wp-content\/uploads\/2026\/04\/Foto-Centro-Sabia-8-scaled.png\" class=\"wp-block-getwid-images-slider__image wp-image-32335\" srcset=\"https:\/\/centrosabia.org.br\/wp-content\/uploads\/2026\/04\/Foto-Centro-Sabia-8-scaled.png 2560w, https:\/\/centrosabia.org.br\/wp-content\/uploads\/2026\/04\/Foto-Centro-Sabia-8-300x100.png 300w, https:\/\/centrosabia.org.br\/wp-content\/uploads\/2026\/04\/Foto-Centro-Sabia-8-1024x341.png 1024w, https:\/\/centrosabia.org.br\/wp-content\/uploads\/2026\/04\/Foto-Centro-Sabia-8-768x256.png 768w, https:\/\/centrosabia.org.br\/wp-content\/uploads\/2026\/04\/Foto-Centro-Sabia-8-1536x512.png 1536w, https:\/\/centrosabia.org.br\/wp-content\/uploads\/2026\/04\/Foto-Centro-Sabia-8-2048x683.png 2048w\" sizes=\"auto, (max-width: 2560px) 100vw, 2560px\" \/><\/figure><\/div><div class=\"wp-block-getwid-images-slider__item\"><figure><img loading=\"lazy\" decoding=\"async\" width=\"2560\" height=\"853\" src=\"https:\/\/centrosabia.org.br\/wp-content\/uploads\/2026\/04\/Foto-Centro-Sabia-4-scaled.png\" data-id=\"32326\" data-link=\"https:\/\/centrosabia.org.br\/?attachment_id=32326\" data-original-link=\"https:\/\/centrosabia.org.br\/wp-content\/uploads\/2026\/04\/Foto-Centro-Sabia-4-scaled.png\" class=\"wp-block-getwid-images-slider__image wp-image-32326\" srcset=\"https:\/\/centrosabia.org.br\/wp-content\/uploads\/2026\/04\/Foto-Centro-Sabia-4-scaled.png 2560w, https:\/\/centrosabia.org.br\/wp-content\/uploads\/2026\/04\/Foto-Centro-Sabia-4-300x100.png 300w, https:\/\/centrosabia.org.br\/wp-content\/uploads\/2026\/04\/Foto-Centro-Sabia-4-1024x341.png 1024w, https:\/\/centrosabia.org.br\/wp-content\/uploads\/2026\/04\/Foto-Centro-Sabia-4-768x256.png 768w, https:\/\/centrosabia.org.br\/wp-content\/uploads\/2026\/04\/Foto-Centro-Sabia-4-1536x512.png 1536w, https:\/\/centrosabia.org.br\/wp-content\/uploads\/2026\/04\/Foto-Centro-Sabia-4-2048x683.png 2048w\" sizes=\"auto, (max-width: 2560px) 100vw, 2560px\" \/><\/figure><\/div><div class=\"wp-block-getwid-images-slider__item\"><figure><img loading=\"lazy\" decoding=\"async\" width=\"2560\" height=\"853\" src=\"https:\/\/centrosabia.org.br\/wp-content\/uploads\/2026\/04\/Foto-Centro-Sabia-2-scaled.png\" data-id=\"32320\" data-link=\"https:\/\/centrosabia.org.br\/?attachment_id=32320\" data-original-link=\"https:\/\/centrosabia.org.br\/wp-content\/uploads\/2026\/04\/Foto-Centro-Sabia-2-scaled.png\" class=\"wp-block-getwid-images-slider__image wp-image-32320\" srcset=\"https:\/\/centrosabia.org.br\/wp-content\/uploads\/2026\/04\/Foto-Centro-Sabia-2-scaled.png 2560w, https:\/\/centrosabia.org.br\/wp-content\/uploads\/2026\/04\/Foto-Centro-Sabia-2-300x100.png 300w, https:\/\/centrosabia.org.br\/wp-content\/uploads\/2026\/04\/Foto-Centro-Sabia-2-1024x341.png 1024w, https:\/\/centrosabia.org.br\/wp-content\/uploads\/2026\/04\/Foto-Centro-Sabia-2-768x256.png 768w, https:\/\/centrosabia.org.br\/wp-content\/uploads\/2026\/04\/Foto-Centro-Sabia-2-1536x512.png 1536w, https:\/\/centrosabia.org.br\/wp-content\/uploads\/2026\/04\/Foto-Centro-Sabia-2-2048x683.png 2048w\" sizes=\"auto, (max-width: 2560px) 100vw, 2560px\" \/><\/figure><\/div><div class=\"wp-block-getwid-images-slider__item\"><figure><img loading=\"lazy\" decoding=\"async\" width=\"2560\" height=\"853\" src=\"https:\/\/centrosabia.org.br\/wp-content\/uploads\/2026\/04\/Foto-Centro-Sabia-1-scaled.png\" data-id=\"32317\" data-link=\"https:\/\/centrosabia.org.br\/?attachment_id=32317\" data-original-link=\"https:\/\/centrosabia.org.br\/wp-content\/uploads\/2026\/04\/Foto-Centro-Sabia-1-scaled.png\" class=\"wp-block-getwid-images-slider__image wp-image-32317\" srcset=\"https:\/\/centrosabia.org.br\/wp-content\/uploads\/2026\/04\/Foto-Centro-Sabia-1-scaled.png 2560w, https:\/\/centrosabia.org.br\/wp-content\/uploads\/2026\/04\/Foto-Centro-Sabia-1-300x100.png 300w, https:\/\/centrosabia.org.br\/wp-content\/uploads\/2026\/04\/Foto-Centro-Sabia-1-1024x341.png 1024w, https:\/\/centrosabia.org.br\/wp-content\/uploads\/2026\/04\/Foto-Centro-Sabia-1-768x256.png 768w, https:\/\/centrosabia.org.br\/wp-content\/uploads\/2026\/04\/Foto-Centro-Sabia-1-1536x512.png 1536w, https:\/\/centrosabia.org.br\/wp-content\/uploads\/2026\/04\/Foto-Centro-Sabia-1-2048x683.png 2048w\" sizes=\"auto, (max-width: 2560px) 100vw, 2560px\" \/><\/figure><\/div><\/div><\/div>\n\n<p>El <a href=\"https:\/\/centrosabia.org.br\/es\/\">Centro Sabi\u00e1<\/a> y el Instituto Socioambiental<a href=\"https:\/\/www.socioambiental.org\/\">(ISA<\/a>), en colaboraci\u00f3n con <a href=\"https:\/\/www.projetemos.org\/?utm_source=ig&amp;utm_medium=social&amp;utm_content=link_in_bio&amp;fbclid=PAZXh0bgNhZW0CMTEAc3J0YwZhcHBfaWQMMjU2MjgxMDQwNTU4AAGnm4N8bEr25uBqvecHwVBfqUTZ6QPWAEi8hScOpqCc_ZlT7Gzb9N3kvqptqw0_aem_OoHUUoa507m0B2PuatygsA\">Projetemos<\/a>, realizan intervenciones en edificios este martes, 28 de abril, \u00abD\u00eda Nacional de la Caatinga\u00bb. La iniciativa pretende poner de relieve las soluciones de adaptaci\u00f3n al clima que la Caatinga ha desarrollado y que muchas personas a\u00fan desconocen. Las proyecciones tendr\u00e1n lugar entre las 18:00 y las 20:00 horas en las ciudades de S\u00e3o Paulo y Brasilia.  <\/p>\n\n<p>La Caatinga se encuentra en gran parte del Nordeste y en el norte de Minas Gerais, una regi\u00f3n con casi 30 millones de habitantes y la mayor zona semi\u00e1rida poblada del mundo. Ocupa el 11% del territorio del pa\u00eds y es un bioma exclusivamente brasile\u00f1o, lleno de especies resistentes que hibernan durante las sequ\u00edas y almacenan agua en sus ra\u00edces. Pero con las primeras lluvias, una poderosa floraci\u00f3n transforma la selva blanca en una explosi\u00f3n de color, capaz de neutralizar m\u00e1s carbono que otros biomas brasile\u00f1os, mostrando vida y resiliencia. En tiempos de crisis clim\u00e1tica, el conocimiento de la Caatinga refleja siglos de experiencias que son respuestas concretas de adaptaci\u00f3n para Brasil y el mundo.     <\/p>\n\n<p>Las proyecciones del D\u00eda de la Caatinga provocan e inspiran la reflexi\u00f3n con una llamada a este bioma hist\u00f3ricamente invisible. La producci\u00f3n de alimentos sin veneno, los bancos de semillas criollas y la agroforester\u00eda que trabaja para restaurar el medio ambiente, entre otras acciones resultantes de las pol\u00edticas p\u00fablicas conquistadas en los \u00faltimos 30 a\u00f1os, han transformado la vida de las personas en una coexistencia armoniosa y llena de lecciones que abarcan el medio ambiente, la econom\u00eda y el desarrollo. <br\/><br\/>Muchas de estas experiencias se expondr\u00e1n en la segunda edici\u00f3n de la <a href=\"https:\/\/www.instagram.com\/caatingaclimateweek\/\">Semana del Clima de<\/a> Caatinga, que se celebrar\u00e1 del 1 al 3 de julio en la regi\u00f3n agreste de Pernambuco. A diferencia de las semanas del clima de todo el mundo, en la Semana del Clima de Caatinga los paneles est\u00e1n dirigidos por la gente de sus territorios, compartiendo soluciones pr\u00e1cticas de adaptaci\u00f3n y situando a la Caatinga en el centro del debate sobre el clima. <\/p>\n\n<p><\/p>\n","protected":false},"excerpt":{"rendered":"","protected":false},"author":2,"featured_media":32319,"comment_status":"open","ping_status":"open","sticky":false,"template":"","format":"standard","meta":{"_acf_changed":false,"ano":0,"footnotes":""},"categories":[218],"tags":[],"class_list":["post-32340","post","type-post","status-publish","format-standard","has-post-thumbnail","hentry","category-noticias-es"],"blocksy_meta":[],"acf":[],"yoast_head":"<!-- This site is optimized with the Yoast SEO plugin v27.4 - https:\/\/yoast.com\/product\/yoast-seo-wordpress\/ -->\n<title>El D\u00eda de la Caatinga se proyecta en S\u00e3o Paulo, Brasilia y Recife para hablar sobre el bioma y la crisis clim\u00e1tica - Centro de Desenvolvimento Agroecol\u00f3gico Sabi\u00e1<\/title>\n<meta name=\"robots\" content=\"index, follow, max-snippet:-1, max-image-preview:large, max-video-preview:-1\" \/>\n<link rel=\"canonical\" href=\"https:\/\/centrosabia.org.br\/es\/2026\/04\/28\/dia-da-caatinga-ganha-projecoes-em-sao-paulo-brasilia-e-recife-para-falar-sobre-o-bioma-e-a-crise-do-clima\/\" \/>\n<meta property=\"og:locale\" content=\"es_ES\" \/>\n<meta property=\"og:type\" content=\"article\" \/>\n<meta property=\"og:title\" content=\"El D\u00eda de la Caatinga se proyecta en S\u00e3o Paulo, Brasilia y Recife para hablar sobre el bioma y la crisis clim\u00e1tica - Centro de Desenvolvimento Agroecol\u00f3gico Sabi\u00e1\" \/>\n<meta property=\"og:url\" content=\"https:\/\/centrosabia.org.br\/es\/2026\/04\/28\/dia-da-caatinga-ganha-projecoes-em-sao-paulo-brasilia-e-recife-para-falar-sobre-o-bioma-e-a-crise-do-clima\/\" \/>\n<meta property=\"og:site_name\" content=\"Centro de Desenvolvimento Agroecol\u00f3gico Sabi\u00e1\" \/>\n<meta property=\"article:published_time\" content=\"2026-04-28T22:16:11+00:00\" \/>\n<meta property=\"article:modified_time\" content=\"2026-04-28T22:20:55+00:00\" \/>\n<meta property=\"og:image\" content=\"https:\/\/centrosabia.org.br\/wp-content\/uploads\/2026\/04\/Foto-Centro-Sabia-1-300x100.png\" \/>\n\t<meta property=\"og:image:width\" content=\"300\" \/>\n\t<meta property=\"og:image:height\" content=\"100\" \/>\n\t<meta property=\"og:image:type\" content=\"image\/png\" \/>\n<meta name=\"author\" content=\"Darliton\" \/>\n<meta name=\"twitter:card\" content=\"summary_large_image\" \/>\n<meta name=\"twitter:label1\" content=\"Escrito por\" \/>\n\t<meta name=\"twitter:data1\" content=\"Darliton\" \/>\n\t<meta name=\"twitter:label2\" content=\"Tiempo de lectura\" \/>\n\t<meta name=\"twitter:data2\" content=\"2 minutos\" \/>\n<script type=\"application\/ld+json\" class=\"yoast-schema-graph\">{\"@context\":\"https:\\\/\\\/schema.org\",\"@graph\":[{\"@type\":\"Article\",\"@id\":\"https:\\\/\\\/centrosabia.org.br\\\/es\\\/2026\\\/04\\\/28\\\/dia-da-caatinga-ganha-projecoes-em-sao-paulo-brasilia-e-recife-para-falar-sobre-o-bioma-e-a-crise-do-clima\\\/#article\",\"isPartOf\":{\"@id\":\"https:\\\/\\\/centrosabia.org.br\\\/es\\\/2026\\\/04\\\/28\\\/dia-da-caatinga-ganha-projecoes-em-sao-paulo-brasilia-e-recife-para-falar-sobre-o-bioma-e-a-crise-do-clima\\\/\"},\"author\":{\"name\":\"Darliton\",\"@id\":\"https:\\\/\\\/centrosabia.org.br\\\/es\\\/#\\\/schema\\\/person\\\/7e83deaeb43644ce5b93a21b9d24c8d6\"},\"headline\":\"El D\u00eda de la Caatinga se proyecta en S\u00e3o Paulo, Brasilia y Recife para hablar sobre el bioma y la crisis clim\u00e1tica\",\"datePublished\":\"2026-04-28T22:16:11+00:00\",\"dateModified\":\"2026-04-28T22:20:55+00:00\",\"mainEntityOfPage\":{\"@id\":\"https:\\\/\\\/centrosabia.org.br\\\/es\\\/2026\\\/04\\\/28\\\/dia-da-caatinga-ganha-projecoes-em-sao-paulo-brasilia-e-recife-para-falar-sobre-o-bioma-e-a-crise-do-clima\\\/\"},\"wordCount\":415,\"commentCount\":0,\"publisher\":{\"@id\":\"https:\\\/\\\/centrosabia.org.br\\\/es\\\/#organization\"},\"image\":{\"@id\":\"https:\\\/\\\/centrosabia.org.br\\\/es\\\/2026\\\/04\\\/28\\\/dia-da-caatinga-ganha-projecoes-em-sao-paulo-brasilia-e-recife-para-falar-sobre-o-bioma-e-a-crise-do-clima\\\/#primaryimage\"},\"thumbnailUrl\":\"https:\\\/\\\/centrosabia.org.br\\\/wp-content\\\/uploads\\\/2026\\\/04\\\/Foto-Centro-Sabia-1-scaled.png\",\"articleSection\":[\"Noticias\"],\"inLanguage\":\"es\",\"potentialAction\":[{\"@type\":\"CommentAction\",\"name\":\"Comment\",\"target\":[\"https:\\\/\\\/centrosabia.org.br\\\/es\\\/2026\\\/04\\\/28\\\/dia-da-caatinga-ganha-projecoes-em-sao-paulo-brasilia-e-recife-para-falar-sobre-o-bioma-e-a-crise-do-clima\\\/#respond\"]}]},{\"@type\":\"WebPage\",\"@id\":\"https:\\\/\\\/centrosabia.org.br\\\/es\\\/2026\\\/04\\\/28\\\/dia-da-caatinga-ganha-projecoes-em-sao-paulo-brasilia-e-recife-para-falar-sobre-o-bioma-e-a-crise-do-clima\\\/\",\"url\":\"https:\\\/\\\/centrosabia.org.br\\\/es\\\/2026\\\/04\\\/28\\\/dia-da-caatinga-ganha-projecoes-em-sao-paulo-brasilia-e-recife-para-falar-sobre-o-bioma-e-a-crise-do-clima\\\/\",\"name\":\"El D\u00eda de la Caatinga se proyecta en S\u00e3o Paulo, Brasilia y Recife para hablar sobre el bioma y la crisis clim\u00e1tica - Centro de Desenvolvimento Agroecol\u00f3gico Sabi\u00e1\",\"isPartOf\":{\"@id\":\"https:\\\/\\\/centrosabia.org.br\\\/es\\\/#website\"},\"primaryImageOfPage\":{\"@id\":\"https:\\\/\\\/centrosabia.org.br\\\/es\\\/2026\\\/04\\\/28\\\/dia-da-caatinga-ganha-projecoes-em-sao-paulo-brasilia-e-recife-para-falar-sobre-o-bioma-e-a-crise-do-clima\\\/#primaryimage\"},\"image\":{\"@id\":\"https:\\\/\\\/centrosabia.org.br\\\/es\\\/2026\\\/04\\\/28\\\/dia-da-caatinga-ganha-projecoes-em-sao-paulo-brasilia-e-recife-para-falar-sobre-o-bioma-e-a-crise-do-clima\\\/#primaryimage\"},\"thumbnailUrl\":\"https:\\\/\\\/centrosabia.org.br\\\/wp-content\\\/uploads\\\/2026\\\/04\\\/Foto-Centro-Sabia-1-scaled.png\",\"datePublished\":\"2026-04-28T22:16:11+00:00\",\"dateModified\":\"2026-04-28T22:20:55+00:00\",\"breadcrumb\":{\"@id\":\"https:\\\/\\\/centrosabia.org.br\\\/es\\\/2026\\\/04\\\/28\\\/dia-da-caatinga-ganha-projecoes-em-sao-paulo-brasilia-e-recife-para-falar-sobre-o-bioma-e-a-crise-do-clima\\\/#breadcrumb\"},\"inLanguage\":\"es\",\"potentialAction\":[{\"@type\":\"ReadAction\",\"target\":[\"https:\\\/\\\/centrosabia.org.br\\\/es\\\/2026\\\/04\\\/28\\\/dia-da-caatinga-ganha-projecoes-em-sao-paulo-brasilia-e-recife-para-falar-sobre-o-bioma-e-a-crise-do-clima\\\/\"]}]},{\"@type\":\"ImageObject\",\"inLanguage\":\"es\",\"@id\":\"https:\\\/\\\/centrosabia.org.br\\\/es\\\/2026\\\/04\\\/28\\\/dia-da-caatinga-ganha-projecoes-em-sao-paulo-brasilia-e-recife-para-falar-sobre-o-bioma-e-a-crise-do-clima\\\/#primaryimage\",\"url\":\"https:\\\/\\\/centrosabia.org.br\\\/wp-content\\\/uploads\\\/2026\\\/04\\\/Foto-Centro-Sabia-1-scaled.png\",\"contentUrl\":\"https:\\\/\\\/centrosabia.org.br\\\/wp-content\\\/uploads\\\/2026\\\/04\\\/Foto-Centro-Sabia-1-scaled.png\",\"width\":2560,\"height\":853},{\"@type\":\"BreadcrumbList\",\"@id\":\"https:\\\/\\\/centrosabia.org.br\\\/es\\\/2026\\\/04\\\/28\\\/dia-da-caatinga-ganha-projecoes-em-sao-paulo-brasilia-e-recife-para-falar-sobre-o-bioma-e-a-crise-do-clima\\\/#breadcrumb\",\"itemListElement\":[{\"@type\":\"ListItem\",\"position\":1,\"name\":\"In\u00edcio\",\"item\":\"https:\\\/\\\/centrosabia.org.br\\\/es\\\/\"},{\"@type\":\"ListItem\",\"position\":2,\"name\":\"El D\u00eda de la Caatinga se proyecta en S\u00e3o Paulo, Brasilia y Recife para hablar sobre el bioma y la crisis clim\u00e1tica\"}]},{\"@type\":\"WebSite\",\"@id\":\"https:\\\/\\\/centrosabia.org.br\\\/es\\\/#website\",\"url\":\"https:\\\/\\\/centrosabia.org.br\\\/es\\\/\",\"name\":\"Centro de Desenvolvimento Agroecol\u00f3gico Sabi\u00e1\",\"description\":\"\",\"publisher\":{\"@id\":\"https:\\\/\\\/centrosabia.org.br\\\/es\\\/#organization\"},\"potentialAction\":[{\"@type\":\"SearchAction\",\"target\":{\"@type\":\"EntryPoint\",\"urlTemplate\":\"https:\\\/\\\/centrosabia.org.br\\\/es\\\/?s={search_term_string}\"},\"query-input\":{\"@type\":\"PropertyValueSpecification\",\"valueRequired\":true,\"valueName\":\"search_term_string\"}}],\"inLanguage\":\"es\"},{\"@type\":\"Organization\",\"@id\":\"https:\\\/\\\/centrosabia.org.br\\\/es\\\/#organization\",\"name\":\"Centro de Desenvolvimento Agroecol\u00f3gico Sabi\u00e1\",\"url\":\"https:\\\/\\\/centrosabia.org.br\\\/es\\\/\",\"logo\":{\"@type\":\"ImageObject\",\"inLanguage\":\"es\",\"@id\":\"https:\\\/\\\/centrosabia.org.br\\\/es\\\/#\\\/schema\\\/logo\\\/image\\\/\",\"url\":\"https:\\\/\\\/centrosabia.org.br\\\/wp-content\\\/uploads\\\/2021\\\/10\\\/logo.png\",\"contentUrl\":\"https:\\\/\\\/centrosabia.org.br\\\/wp-content\\\/uploads\\\/2021\\\/10\\\/logo.png\",\"width\":174,\"height\":84,\"caption\":\"Centro de Desenvolvimento Agroecol\u00f3gico Sabi\u00e1\"},\"image\":{\"@id\":\"https:\\\/\\\/centrosabia.org.br\\\/es\\\/#\\\/schema\\\/logo\\\/image\\\/\"}},{\"@type\":\"Person\",\"@id\":\"https:\\\/\\\/centrosabia.org.br\\\/es\\\/#\\\/schema\\\/person\\\/7e83deaeb43644ce5b93a21b9d24c8d6\",\"name\":\"Darliton\",\"image\":{\"@type\":\"ImageObject\",\"inLanguage\":\"es\",\"@id\":\"https:\\\/\\\/secure.gravatar.com\\\/avatar\\\/abb43c9d012bc9e4677cba1d82588694a509da0a3479cb06ce66c26da27e1642?s=96&d=mm&r=g\",\"url\":\"https:\\\/\\\/secure.gravatar.com\\\/avatar\\\/abb43c9d012bc9e4677cba1d82588694a509da0a3479cb06ce66c26da27e1642?s=96&d=mm&r=g\",\"contentUrl\":\"https:\\\/\\\/secure.gravatar.com\\\/avatar\\\/abb43c9d012bc9e4677cba1d82588694a509da0a3479cb06ce66c26da27e1642?s=96&d=mm&r=g\",\"caption\":\"Darliton\"},\"description\":\"Comunicador popular, administrador, p\u00f3s-graduado em projetos sociais e pol\u00edticas p\u00fablicas, especialista media social, militante da agroecologia, conviv\u00eancia com semi\u00e1rido, direitos humanos, preserva\u00e7\u00e3o ambiental e direitos de trabalhadoras e trabalhadores.\",\"url\":\"https:\\\/\\\/centrosabia.org.br\\\/es\\\/author\\\/darliton\\\/\"}]}<\/script>\n<!-- \/ Yoast SEO plugin. -->","yoast_head_json":{"title":"El D\u00eda de la Caatinga se proyecta en S\u00e3o Paulo, Brasilia y Recife para hablar sobre el bioma y la crisis clim\u00e1tica - Centro de Desenvolvimento Agroecol\u00f3gico Sabi\u00e1","robots":{"index":"index","follow":"follow","max-snippet":"max-snippet:-1","max-image-preview":"max-image-preview:large","max-video-preview":"max-video-preview:-1"},"canonical":"https:\/\/centrosabia.org.br\/es\/2026\/04\/28\/dia-da-caatinga-ganha-projecoes-em-sao-paulo-brasilia-e-recife-para-falar-sobre-o-bioma-e-a-crise-do-clima\/","og_locale":"es_ES","og_type":"article","og_title":"El D\u00eda de la Caatinga se proyecta en S\u00e3o Paulo, Brasilia y Recife para hablar sobre el bioma y la crisis clim\u00e1tica - Centro de Desenvolvimento Agroecol\u00f3gico Sabi\u00e1","og_url":"https:\/\/centrosabia.org.br\/es\/2026\/04\/28\/dia-da-caatinga-ganha-projecoes-em-sao-paulo-brasilia-e-recife-para-falar-sobre-o-bioma-e-a-crise-do-clima\/","og_site_name":"Centro de Desenvolvimento Agroecol\u00f3gico Sabi\u00e1","article_published_time":"2026-04-28T22:16:11+00:00","article_modified_time":"2026-04-28T22:20:55+00:00","og_image":[{"width":300,"height":100,"url":"https:\/\/centrosabia.org.br\/wp-content\/uploads\/2026\/04\/Foto-Centro-Sabia-1-300x100.png","type":"image\/png"}],"author":"Darliton","twitter_card":"summary_large_image","twitter_misc":{"Escrito por":"Darliton","Tiempo de lectura":"2 minutos"},"schema":{"@context":"https:\/\/schema.org","@graph":[{"@type":"Article","@id":"https:\/\/centrosabia.org.br\/es\/2026\/04\/28\/dia-da-caatinga-ganha-projecoes-em-sao-paulo-brasilia-e-recife-para-falar-sobre-o-bioma-e-a-crise-do-clima\/#article","isPartOf":{"@id":"https:\/\/centrosabia.org.br\/es\/2026\/04\/28\/dia-da-caatinga-ganha-projecoes-em-sao-paulo-brasilia-e-recife-para-falar-sobre-o-bioma-e-a-crise-do-clima\/"},"author":{"name":"Darliton","@id":"https:\/\/centrosabia.org.br\/es\/#\/schema\/person\/7e83deaeb43644ce5b93a21b9d24c8d6"},"headline":"El D\u00eda de la Caatinga se proyecta en S\u00e3o Paulo, Brasilia y Recife para hablar sobre el bioma y la crisis clim\u00e1tica","datePublished":"2026-04-28T22:16:11+00:00","dateModified":"2026-04-28T22:20:55+00:00","mainEntityOfPage":{"@id":"https:\/\/centrosabia.org.br\/es\/2026\/04\/28\/dia-da-caatinga-ganha-projecoes-em-sao-paulo-brasilia-e-recife-para-falar-sobre-o-bioma-e-a-crise-do-clima\/"},"wordCount":415,"commentCount":0,"publisher":{"@id":"https:\/\/centrosabia.org.br\/es\/#organization"},"image":{"@id":"https:\/\/centrosabia.org.br\/es\/2026\/04\/28\/dia-da-caatinga-ganha-projecoes-em-sao-paulo-brasilia-e-recife-para-falar-sobre-o-bioma-e-a-crise-do-clima\/#primaryimage"},"thumbnailUrl":"https:\/\/centrosabia.org.br\/wp-content\/uploads\/2026\/04\/Foto-Centro-Sabia-1-scaled.png","articleSection":["Noticias"],"inLanguage":"es","potentialAction":[{"@type":"CommentAction","name":"Comment","target":["https:\/\/centrosabia.org.br\/es\/2026\/04\/28\/dia-da-caatinga-ganha-projecoes-em-sao-paulo-brasilia-e-recife-para-falar-sobre-o-bioma-e-a-crise-do-clima\/#respond"]}]},{"@type":"WebPage","@id":"https:\/\/centrosabia.org.br\/es\/2026\/04\/28\/dia-da-caatinga-ganha-projecoes-em-sao-paulo-brasilia-e-recife-para-falar-sobre-o-bioma-e-a-crise-do-clima\/","url":"https:\/\/centrosabia.org.br\/es\/2026\/04\/28\/dia-da-caatinga-ganha-projecoes-em-sao-paulo-brasilia-e-recife-para-falar-sobre-o-bioma-e-a-crise-do-clima\/","name":"El D\u00eda de la Caatinga se proyecta en S\u00e3o Paulo, Brasilia y Recife para hablar sobre el bioma y la crisis clim\u00e1tica - Centro de Desenvolvimento Agroecol\u00f3gico Sabi\u00e1","isPartOf":{"@id":"https:\/\/centrosabia.org.br\/es\/#website"},"primaryImageOfPage":{"@id":"https:\/\/centrosabia.org.br\/es\/2026\/04\/28\/dia-da-caatinga-ganha-projecoes-em-sao-paulo-brasilia-e-recife-para-falar-sobre-o-bioma-e-a-crise-do-clima\/#primaryimage"},"image":{"@id":"https:\/\/centrosabia.org.br\/es\/2026\/04\/28\/dia-da-caatinga-ganha-projecoes-em-sao-paulo-brasilia-e-recife-para-falar-sobre-o-bioma-e-a-crise-do-clima\/#primaryimage"},"thumbnailUrl":"https:\/\/centrosabia.org.br\/wp-content\/uploads\/2026\/04\/Foto-Centro-Sabia-1-scaled.png","datePublished":"2026-04-28T22:16:11+00:00","dateModified":"2026-04-28T22:20:55+00:00","breadcrumb":{"@id":"https:\/\/centrosabia.org.br\/es\/2026\/04\/28\/dia-da-caatinga-ganha-projecoes-em-sao-paulo-brasilia-e-recife-para-falar-sobre-o-bioma-e-a-crise-do-clima\/#breadcrumb"},"inLanguage":"es","potentialAction":[{"@type":"ReadAction","target":["https:\/\/centrosabia.org.br\/es\/2026\/04\/28\/dia-da-caatinga-ganha-projecoes-em-sao-paulo-brasilia-e-recife-para-falar-sobre-o-bioma-e-a-crise-do-clima\/"]}]},{"@type":"ImageObject","inLanguage":"es","@id":"https:\/\/centrosabia.org.br\/es\/2026\/04\/28\/dia-da-caatinga-ganha-projecoes-em-sao-paulo-brasilia-e-recife-para-falar-sobre-o-bioma-e-a-crise-do-clima\/#primaryimage","url":"https:\/\/centrosabia.org.br\/wp-content\/uploads\/2026\/04\/Foto-Centro-Sabia-1-scaled.png","contentUrl":"https:\/\/centrosabia.org.br\/wp-content\/uploads\/2026\/04\/Foto-Centro-Sabia-1-scaled.png","width":2560,"height":853},{"@type":"BreadcrumbList","@id":"https:\/\/centrosabia.org.br\/es\/2026\/04\/28\/dia-da-caatinga-ganha-projecoes-em-sao-paulo-brasilia-e-recife-para-falar-sobre-o-bioma-e-a-crise-do-clima\/#breadcrumb","itemListElement":[{"@type":"ListItem","position":1,"name":"In\u00edcio","item":"https:\/\/centrosabia.org.br\/es\/"},{"@type":"ListItem","position":2,"name":"El D\u00eda de la Caatinga se proyecta en S\u00e3o Paulo, Brasilia y Recife para hablar sobre el bioma y la crisis clim\u00e1tica"}]},{"@type":"WebSite","@id":"https:\/\/centrosabia.org.br\/es\/#website","url":"https:\/\/centrosabia.org.br\/es\/","name":"Centro de Desenvolvimento Agroecol\u00f3gico Sabi\u00e1","description":"","publisher":{"@id":"https:\/\/centrosabia.org.br\/es\/#organization"},"potentialAction":[{"@type":"SearchAction","target":{"@type":"EntryPoint","urlTemplate":"https:\/\/centrosabia.org.br\/es\/?s={search_term_string}"},"query-input":{"@type":"PropertyValueSpecification","valueRequired":true,"valueName":"search_term_string"}}],"inLanguage":"es"},{"@type":"Organization","@id":"https:\/\/centrosabia.org.br\/es\/#organization","name":"Centro de Desenvolvimento Agroecol\u00f3gico Sabi\u00e1","url":"https:\/\/centrosabia.org.br\/es\/","logo":{"@type":"ImageObject","inLanguage":"es","@id":"https:\/\/centrosabia.org.br\/es\/#\/schema\/logo\/image\/","url":"https:\/\/centrosabia.org.br\/wp-content\/uploads\/2021\/10\/logo.png","contentUrl":"https:\/\/centrosabia.org.br\/wp-content\/uploads\/2021\/10\/logo.png","width":174,"height":84,"caption":"Centro de Desenvolvimento Agroecol\u00f3gico Sabi\u00e1"},"image":{"@id":"https:\/\/centrosabia.org.br\/es\/#\/schema\/logo\/image\/"}},{"@type":"Person","@id":"https:\/\/centrosabia.org.br\/es\/#\/schema\/person\/7e83deaeb43644ce5b93a21b9d24c8d6","name":"Darliton","image":{"@type":"ImageObject","inLanguage":"es","@id":"https:\/\/secure.gravatar.com\/avatar\/abb43c9d012bc9e4677cba1d82588694a509da0a3479cb06ce66c26da27e1642?s=96&d=mm&r=g","url":"https:\/\/secure.gravatar.com\/avatar\/abb43c9d012bc9e4677cba1d82588694a509da0a3479cb06ce66c26da27e1642?s=96&d=mm&r=g","contentUrl":"https:\/\/secure.gravatar.com\/avatar\/abb43c9d012bc9e4677cba1d82588694a509da0a3479cb06ce66c26da27e1642?s=96&d=mm&r=g","caption":"Darliton"},"description":"Comunicador popular, administrador, p\u00f3s-graduado em projetos sociais e pol\u00edticas p\u00fablicas, especialista media social, militante da agroecologia, conviv\u00eancia com semi\u00e1rido, direitos humanos, preserva\u00e7\u00e3o ambiental e direitos de trabalhadoras e trabalhadores.","url":"https:\/\/centrosabia.org.br\/es\/author\/darliton\/"}]}},"_links":{"self":[{"href":"https:\/\/centrosabia.org.br\/es\/wp-json\/wp\/v2\/posts\/32340","targetHints":{"allow":["GET"]}}],"collection":[{"href":"https:\/\/centrosabia.org.br\/es\/wp-json\/wp\/v2\/posts"}],"about":[{"href":"https:\/\/centrosabia.org.br\/es\/wp-json\/wp\/v2\/types\/post"}],"author":[{"embeddable":true,"href":"https:\/\/centrosabia.org.br\/es\/wp-json\/wp\/v2\/users\/2"}],"replies":[{"embeddable":true,"href":"https:\/\/centrosabia.org.br\/es\/wp-json\/wp\/v2\/comments?post=32340"}],"version-history":[{"count":3,"href":"https:\/\/centrosabia.org.br\/es\/wp-json\/wp\/v2\/posts\/32340\/revisions"}],"predecessor-version":[{"id":32346,"href":"https:\/\/centrosabia.org.br\/es\/wp-json\/wp\/v2\/posts\/32340\/revisions\/32346"}],"wp:featuredmedia":[{"embeddable":true,"href":"https:\/\/centrosabia.org.br\/es\/wp-json\/wp\/v2\/media\/32319"}],"wp:attachment":[{"href":"https:\/\/centrosabia.org.br\/es\/wp-json\/wp\/v2\/media?parent=32340"}],"wp:term":[{"taxonomy":"category","embeddable":true,"href":"https:\/\/centrosabia.org.br\/es\/wp-json\/wp\/v2\/categories?post=32340"},{"taxonomy":"post_tag","embeddable":true,"href":"https:\/\/centrosabia.org.br\/es\/wp-json\/wp\/v2\/tags?post=32340"}],"curies":[{"name":"wp","href":"https:\/\/api.w.org\/{rel}","templated":true}]}}