{"id":33680,"date":"2026-06-29T08:00:00","date_gmt":"2026-06-29T11:00:00","guid":{"rendered":"https:\/\/centrosabia.org.br\/2026\/06\/29\/la-caatinga-le-habla-al-mundo-cantos-del-sabia\/"},"modified":"2026-09-01T08:37:16","modified_gmt":"2026-09-01T11:37:16","slug":"la-caatinga-le-habla-al-mundo-cantos-del-sabia","status":"publish","type":"post","link":"https:\/\/centrosabia.org.br\/es\/2026\/06\/29\/la-caatinga-le-habla-al-mundo-cantos-del-sabia\/","title":{"rendered":"La Caatinga le habla al mundo &#8211; Cantos del Sabi\u00e1"},"content":{"rendered":"\n<p class=\"wp-block-paragraph\"><a href=\"https:\/\/linktr.ee\/joegrafia\"><strong>Jo\u00e3o Lucas Fran\u00e7a<\/strong><\/a><strong> &#8211; Locutor y comunicador del Centro Sabi\u00e1.<\/strong><\/p>\n\n<figure class=\"wp-block-image size-large\"><img loading=\"lazy\" decoding=\"async\" width=\"1024\" height=\"577\" src=\"https:\/\/centrosabia.org.br\/wp-content\/uploads\/2026\/06\/wide-4-1024x577.png\" alt=\"\" class=\"wp-image-32957\" srcset=\"https:\/\/centrosabia.org.br\/wp-content\/uploads\/2026\/06\/wide-4-1024x577.png 1024w, https:\/\/centrosabia.org.br\/wp-content\/uploads\/2026\/06\/wide-4-300x169.png 300w, https:\/\/centrosabia.org.br\/wp-content\/uploads\/2026\/06\/wide-4-768x433.png 768w, https:\/\/centrosabia.org.br\/wp-content\/uploads\/2026\/06\/wide-4.png 1280w\" sizes=\"auto, (max-width: 1024px) 100vw, 1024px\" \/><\/figure>\n\n<p class=\"wp-block-paragraph\">Del <strong>1 al 3 de julio<\/strong> se celebra la semana clim\u00e1tica m\u00e1s importante del Nordeste: la <em>Caatinga Climate Week<\/em>. Un encuentro que busca escuchar los conocimientos de nuestro bioma, de la gente y de los agricultores y agricultoras que crean soluciones para hacer frente a la crisis clim\u00e1tica. <\/p>\n\n<p class=\"wp-block-paragraph\">Esta es la segunda edici\u00f3n de la Semana del Clima de la Caatinga. Aqu\u00ed es donde la Caatinga tiene voz en el debate global sobre el clima. La Caatinga es el centro de la conversaci\u00f3n.  <\/p>\n\n<p class=\"wp-block-paragraph\">Somos un referente en materia de resiliencia clim\u00e1tica. Este es un espacio abierto para los pueblos, las comunidades y las experiencias del \u00fanico bioma exclusivamente brasile\u00f1o. <\/p>\n\n<p class=\"wp-block-paragraph\">Este a\u00f1o, el tema de la Caatinga Climate Week es <em> \u00abLa Caatinga le habla al mundo\u00bb.<\/em> Una invitaci\u00f3n a reflexionar sobre los modos de vida, los conocimientos, la identidad y la cultura de los pueblos que habitan este territorio. <\/p>\n\n<p class=\"wp-block-paragraph\">Son estas experiencias, acumuladas a lo largo de generaciones, las que hacen de la Caatinga un lugar de innovaci\u00f3n, resistencia y soluciones concretas para hacer frente a la crisis clim\u00e1tica. M\u00e1s que hablar de la Caatinga, es hora de escucharla. \u00bfTe apetece escucharla? Esta semana, vamos a escuchar varias voces de este bioma y de la Caatinga Climate Week.   <\/p>\n\n<figure class=\"wp-block-embed is-type-video is-provider-youtube wp-block-embed-youtube wp-embed-aspect-16-9 wp-has-aspect-ratio\"><div class=\"wp-block-embed__wrapper\">\n<iframe loading=\"lazy\" title=\"A Caatinga falando para o mundo - Cantos do Sabi\u00e1\" width=\"1290\" height=\"726\" src=\"https:\/\/www.youtube.com\/embed\/1ldCJxMezQI?feature=oembed\" frameborder=\"0\" allow=\"accelerometer; autoplay; clipboard-write; encrypted-media; gyroscope; picture-in-picture; web-share\" referrerpolicy=\"strict-origin-when-cross-origin\" allowfullscreen><\/iframe>\n<\/div><\/figure>\n\n<figure class=\"wp-block-embed is-type-rich is-provider-spotify wp-block-embed-spotify wp-embed-aspect-21-9 wp-has-aspect-ratio\"><div class=\"wp-block-embed__wrapper\">\n<iframe title=\"Spotify Embed: A Caatinga falando para o mundo - Cantos do Sabi\u00e1\" style=\"border-radius: 12px\" width=\"100%\" height=\"152\" frameborder=\"0\" allowfullscreen allow=\"autoplay; clipboard-write; encrypted-media; fullscreen; picture-in-picture\" loading=\"lazy\" src=\"https:\/\/open.spotify.com\/embed\/episode\/74y5NtjmsCkDAkQuDLohDM?si=u_rv8hSTSu25LV_z2hfUjw&amp;utm_source=oembed\"><\/iframe>\n<\/div><\/figure>\n\n<figure class=\"wp-block-image size-large\"><img loading=\"lazy\" decoding=\"async\" width=\"1024\" height=\"1024\" src=\"https:\/\/centrosabia.org.br\/wp-content\/uploads\/2026\/06\/21-1024x1024.png\" alt=\"\" class=\"wp-image-32960\" srcset=\"https:\/\/centrosabia.org.br\/wp-content\/uploads\/2026\/06\/21-1024x1024.png 1024w, https:\/\/centrosabia.org.br\/wp-content\/uploads\/2026\/06\/21-300x300.png 300w, https:\/\/centrosabia.org.br\/wp-content\/uploads\/2026\/06\/21-150x150.png 150w, https:\/\/centrosabia.org.br\/wp-content\/uploads\/2026\/06\/21-768x768.png 768w, https:\/\/centrosabia.org.br\/wp-content\/uploads\/2026\/06\/21.png 1080w\" sizes=\"auto, (max-width: 1024px) 100vw, 1024px\" \/><\/figure>\n\n<blockquote class=\"wp-block-quote is-layout-flow wp-block-quote-is-layout-flow\">\n<p class=\"wp-block-paragraph\"><a href=\"https:\/\/centrosabia.org.br\/es\/tag\/cantos-do-sabia-es\/\"><strong>Cantos do Sabi\u00e1<\/strong><\/a><strong> \u00a1es el Podcast del Centro de Sabi\u00e1!<\/strong> \u00a1Cada semana debatimos sobre agroecolog\u00eda, sostenibilidad y pol\u00edtica en el campo y en la ciudad! El podcast se emitir\u00e1 todos los lunes, con la edici\u00f3n completa de las entrevistas que originalmente compon\u00edan el programa de radio del Centro.  <a href=\"https:\/\/open.spotify.com\/show\/5Yeo5PhoEelWIpuC6cYERE\">https:\/\/open.spotify.com\/show\/5Yeo5PhoEelWIpuC6cYERE<\/a> <\/p>\n<\/blockquote>\n\n<p class=\"wp-block-paragraph\"><\/p>\n","protected":false},"excerpt":{"rendered":"","protected":false},"author":4,"featured_media":32959,"comment_status":"open","ping_status":"open","sticky":false,"template":"","format":"standard","meta":{"_acf_changed":false,"ano":0,"footnotes":""},"categories":[218],"tags":[3270,277,244,239,4571,3157,243,2045,982,389,240,1245,4573,4572,4078,4079],"class_list":["post-33680","post","type-post","status-publish","format-standard","has-post-thumbnail","hentry","category-noticias-es","tag-adaptacion-al-clima","tag-agricultura-familiar-es","tag-caatinga-es","tag-cantos-do-sabia-es","tag-conocimientos-tradicionales","tag-desarrollo-sostenible","tag-joao-lucas-francia-2","tag-justica-climatica-es","tag-mudancas-climaticas-es","tag-noreste","tag-podcast-es","tag-podcast-cantos-do-sabia-es","tag-pueblos-del-semiarido","tag-resiliencia-climatica","tag-semana-del-clima-en-caatinga","tag-semana-del-clima-en-caatinga-es"],"blocksy_meta":{"styles_descriptor":{"styles":{"desktop":"","tablet":"","mobile":""},"google_fonts":[],"version":7}},"acf":[],"yoast_head":"<!-- This site is optimized with the Yoast SEO plugin v28.3 - https:\/\/yoast.com\/product\/yoast-seo-wordpress\/ -->\n<title>La Caatinga le habla al mundo - Cantos del Sabi\u00e1 - Centro de Desenvolvimento Agroecol\u00f3gico Sabi\u00e1<\/title>\n<meta name=\"robots\" content=\"index, follow, max-snippet:-1, max-image-preview:large, max-video-preview:-1\" \/>\n<link rel=\"canonical\" href=\"https:\/\/centrosabia.org.br\/es\/2026\/06\/29\/la-caatinga-le-habla-al-mundo-cantos-del-sabia\/\" \/>\n<meta property=\"og:locale\" content=\"es_ES\" \/>\n<meta property=\"og:type\" content=\"article\" \/>\n<meta property=\"og:title\" content=\"La Caatinga le habla al mundo - Cantos del Sabi\u00e1 - Centro de Desenvolvimento Agroecol\u00f3gico Sabi\u00e1\" \/>\n<meta property=\"og:url\" content=\"https:\/\/centrosabia.org.br\/es\/2026\/06\/29\/la-caatinga-le-habla-al-mundo-cantos-del-sabia\/\" \/>\n<meta property=\"og:site_name\" content=\"Centro de Desenvolvimento Agroecol\u00f3gico Sabi\u00e1\" \/>\n<meta property=\"article:published_time\" content=\"2026-06-29T11:00:00+00:00\" \/>\n<meta property=\"article:modified_time\" content=\"2026-09-01T11:37:16+00:00\" \/>\n<meta property=\"og:image\" content=\"https:\/\/centrosabia.org.br\/wp-content\/uploads\/2026\/06\/wide-4-300x169.png\" \/>\n\t<meta property=\"og:image:width\" content=\"300\" \/>\n\t<meta property=\"og:image:height\" content=\"169\" \/>\n\t<meta property=\"og:image:type\" content=\"image\/png\" \/>\n<meta name=\"author\" content=\"Jo\u00e3o Lucas Franca\" \/>\n<meta name=\"twitter:card\" content=\"summary_large_image\" \/>\n<meta name=\"twitter:label1\" content=\"Escrito por\" \/>\n\t<meta name=\"twitter:data1\" content=\"Jo\u00e3o Lucas Franca\" \/>\n\t<meta name=\"twitter:label2\" content=\"Tiempo de lectura\" \/>\n\t<meta name=\"twitter:data2\" content=\"2 minutos\" \/>\n<script type=\"application\/ld+json\" class=\"yoast-schema-graph\">{\"@context\":\"https:\\\/\\\/schema.org\",\"@graph\":[{\"@type\":\"Article\",\"@id\":\"https:\\\/\\\/centrosabia.org.br\\\/es\\\/2026\\\/06\\\/29\\\/la-caatinga-le-habla-al-mundo-cantos-del-sabia\\\/#article\",\"isPartOf\":{\"@id\":\"https:\\\/\\\/centrosabia.org.br\\\/es\\\/2026\\\/06\\\/29\\\/la-caatinga-le-habla-al-mundo-cantos-del-sabia\\\/\"},\"author\":{\"name\":\"Jo\u00e3o Lucas Franca\",\"@id\":\"https:\\\/\\\/centrosabia.org.br\\\/es\\\/#\\\/schema\\\/person\\\/9baeb335365a2eb7c4fb3969afdc80a3\"},\"headline\":\"La Caatinga le habla al mundo &#8211; Cantos del Sabi\u00e1\",\"datePublished\":\"2026-06-29T11:00:00+00:00\",\"dateModified\":\"2026-09-01T11:37:16+00:00\",\"mainEntityOfPage\":{\"@id\":\"https:\\\/\\\/centrosabia.org.br\\\/es\\\/2026\\\/06\\\/29\\\/la-caatinga-le-habla-al-mundo-cantos-del-sabia\\\/\"},\"wordCount\":320,\"commentCount\":0,\"publisher\":{\"@id\":\"https:\\\/\\\/centrosabia.org.br\\\/es\\\/#organization\"},\"image\":{\"@id\":\"https:\\\/\\\/centrosabia.org.br\\\/es\\\/2026\\\/06\\\/29\\\/la-caatinga-le-habla-al-mundo-cantos-del-sabia\\\/#primaryimage\"},\"thumbnailUrl\":\"https:\\\/\\\/centrosabia.org.br\\\/wp-content\\\/uploads\\\/2026\\\/06\\\/wide-4.png\",\"keywords\":[\"Adaptaci\u00f3n al clima\",\"Agricultura familiar\",\"Caatinga\",\"Cantos do Sabia\",\"conocimientos tradicionales\",\"Desarrollo sostenible\",\"Jo\u00e3o Lucas Francia\",\"Justi\u00e7a Clim\u00e1tica\",\"Mudan\u00e7as Clim\u00e1ticas\",\"Noreste\",\"p\u00f3dcast\",\"podcast cantos do sabi\u00e1\",\"pueblos del semi\u00e1rido\",\"resiliencia clim\u00e1tica\",\"Semana del Clima en Caatinga\",\"Semana del Clima en Caatinga\"],\"articleSection\":[\"Noticias\"],\"inLanguage\":\"es\",\"potentialAction\":[{\"@type\":\"CommentAction\",\"name\":\"Comment\",\"target\":[\"https:\\\/\\\/centrosabia.org.br\\\/es\\\/2026\\\/06\\\/29\\\/la-caatinga-le-habla-al-mundo-cantos-del-sabia\\\/#respond\"]}]},{\"@type\":\"WebPage\",\"@id\":\"https:\\\/\\\/centrosabia.org.br\\\/es\\\/2026\\\/06\\\/29\\\/la-caatinga-le-habla-al-mundo-cantos-del-sabia\\\/\",\"url\":\"https:\\\/\\\/centrosabia.org.br\\\/es\\\/2026\\\/06\\\/29\\\/la-caatinga-le-habla-al-mundo-cantos-del-sabia\\\/\",\"name\":\"La Caatinga le habla al mundo - Cantos del Sabi\u00e1 - Centro de Desenvolvimento Agroecol\u00f3gico Sabi\u00e1\",\"isPartOf\":{\"@id\":\"https:\\\/\\\/centrosabia.org.br\\\/es\\\/#website\"},\"primaryImageOfPage\":{\"@id\":\"https:\\\/\\\/centrosabia.org.br\\\/es\\\/2026\\\/06\\\/29\\\/la-caatinga-le-habla-al-mundo-cantos-del-sabia\\\/#primaryimage\"},\"image\":{\"@id\":\"https:\\\/\\\/centrosabia.org.br\\\/es\\\/2026\\\/06\\\/29\\\/la-caatinga-le-habla-al-mundo-cantos-del-sabia\\\/#primaryimage\"},\"thumbnailUrl\":\"https:\\\/\\\/centrosabia.org.br\\\/wp-content\\\/uploads\\\/2026\\\/06\\\/wide-4.png\",\"datePublished\":\"2026-06-29T11:00:00+00:00\",\"dateModified\":\"2026-09-01T11:37:16+00:00\",\"breadcrumb\":{\"@id\":\"https:\\\/\\\/centrosabia.org.br\\\/es\\\/2026\\\/06\\\/29\\\/la-caatinga-le-habla-al-mundo-cantos-del-sabia\\\/#breadcrumb\"},\"inLanguage\":\"es\",\"potentialAction\":[{\"@type\":\"ReadAction\",\"target\":[\"https:\\\/\\\/centrosabia.org.br\\\/es\\\/2026\\\/06\\\/29\\\/la-caatinga-le-habla-al-mundo-cantos-del-sabia\\\/\"]}]},{\"@type\":\"ImageObject\",\"inLanguage\":\"es\",\"@id\":\"https:\\\/\\\/centrosabia.org.br\\\/es\\\/2026\\\/06\\\/29\\\/la-caatinga-le-habla-al-mundo-cantos-del-sabia\\\/#primaryimage\",\"url\":\"https:\\\/\\\/centrosabia.org.br\\\/wp-content\\\/uploads\\\/2026\\\/06\\\/wide-4.png\",\"contentUrl\":\"https:\\\/\\\/centrosabia.org.br\\\/wp-content\\\/uploads\\\/2026\\\/06\\\/wide-4.png\",\"width\":1280,\"height\":721},{\"@type\":\"BreadcrumbList\",\"@id\":\"https:\\\/\\\/centrosabia.org.br\\\/es\\\/2026\\\/06\\\/29\\\/la-caatinga-le-habla-al-mundo-cantos-del-sabia\\\/#breadcrumb\",\"itemListElement\":[{\"@type\":\"ListItem\",\"position\":1,\"name\":\"In\u00edcio\",\"item\":\"https:\\\/\\\/centrosabia.org.br\\\/es\\\/\"},{\"@type\":\"ListItem\",\"position\":2,\"name\":\"La Caatinga le habla al mundo &#8211; Cantos del Sabi\u00e1\"}]},{\"@type\":\"WebSite\",\"@id\":\"https:\\\/\\\/centrosabia.org.br\\\/es\\\/#website\",\"url\":\"https:\\\/\\\/centrosabia.org.br\\\/es\\\/\",\"name\":\"Centro de Desenvolvimento Agroecol\u00f3gico Sabi\u00e1\",\"description\":\"\",\"publisher\":{\"@id\":\"https:\\\/\\\/centrosabia.org.br\\\/es\\\/#organization\"},\"potentialAction\":[{\"@type\":\"SearchAction\",\"target\":{\"@type\":\"EntryPoint\",\"urlTemplate\":\"https:\\\/\\\/centrosabia.org.br\\\/es\\\/?s={search_term_string}\"},\"query-input\":{\"@type\":\"PropertyValueSpecification\",\"valueRequired\":true,\"valueName\":\"search_term_string\"}}],\"inLanguage\":\"es\"},{\"@type\":\"Organization\",\"@id\":\"https:\\\/\\\/centrosabia.org.br\\\/es\\\/#organization\",\"name\":\"Centro de Desenvolvimento Agroecol\u00f3gico Sabi\u00e1\",\"url\":\"https:\\\/\\\/centrosabia.org.br\\\/es\\\/\",\"logo\":{\"@type\":\"ImageObject\",\"inLanguage\":\"es\",\"@id\":\"https:\\\/\\\/centrosabia.org.br\\\/es\\\/#\\\/schema\\\/logo\\\/image\\\/\",\"url\":\"https:\\\/\\\/centrosabia.org.br\\\/wp-content\\\/uploads\\\/2021\\\/10\\\/logo.png\",\"contentUrl\":\"https:\\\/\\\/centrosabia.org.br\\\/wp-content\\\/uploads\\\/2021\\\/10\\\/logo.png\",\"width\":174,\"height\":84,\"caption\":\"Centro de Desenvolvimento Agroecol\u00f3gico Sabi\u00e1\"},\"image\":{\"@id\":\"https:\\\/\\\/centrosabia.org.br\\\/es\\\/#\\\/schema\\\/logo\\\/image\\\/\"}},{\"@type\":\"Person\",\"@id\":\"https:\\\/\\\/centrosabia.org.br\\\/es\\\/#\\\/schema\\\/person\\\/9baeb335365a2eb7c4fb3969afdc80a3\",\"name\":\"Jo\u00e3o Lucas Franca\",\"image\":{\"@type\":\"ImageObject\",\"inLanguage\":\"es\",\"@id\":\"https:\\\/\\\/secure.gravatar.com\\\/avatar\\\/a9a4ada6acce9403e8d9f7c681781ab742fc465732a5eb26e375a62444c23bab?s=96&d=mm&r=g\",\"url\":\"https:\\\/\\\/secure.gravatar.com\\\/avatar\\\/a9a4ada6acce9403e8d9f7c681781ab742fc465732a5eb26e375a62444c23bab?s=96&d=mm&r=g\",\"contentUrl\":\"https:\\\/\\\/secure.gravatar.com\\\/avatar\\\/a9a4ada6acce9403e8d9f7c681781ab742fc465732a5eb26e375a62444c23bab?s=96&d=mm&r=g\",\"caption\":\"Jo\u00e3o Lucas Franca\"},\"url\":\"https:\\\/\\\/centrosabia.org.br\\\/es\\\/author\\\/joao\\\/\"}]}<\/script>\n<!-- \/ Yoast SEO plugin. -->","yoast_head_json":{"title":"La Caatinga le habla al mundo - Cantos del Sabi\u00e1 - Centro de Desenvolvimento Agroecol\u00f3gico Sabi\u00e1","robots":{"index":"index","follow":"follow","max-snippet":"max-snippet:-1","max-image-preview":"max-image-preview:large","max-video-preview":"max-video-preview:-1"},"canonical":"https:\/\/centrosabia.org.br\/es\/2026\/06\/29\/la-caatinga-le-habla-al-mundo-cantos-del-sabia\/","og_locale":"es_ES","og_type":"article","og_title":"La Caatinga le habla al mundo - Cantos del Sabi\u00e1 - Centro de Desenvolvimento Agroecol\u00f3gico Sabi\u00e1","og_url":"https:\/\/centrosabia.org.br\/es\/2026\/06\/29\/la-caatinga-le-habla-al-mundo-cantos-del-sabia\/","og_site_name":"Centro de Desenvolvimento Agroecol\u00f3gico Sabi\u00e1","article_published_time":"2026-06-29T11:00:00+00:00","article_modified_time":"2026-09-01T11:37:16+00:00","og_image":[{"width":300,"height":169,"url":"https:\/\/centrosabia.org.br\/wp-content\/uploads\/2026\/06\/wide-4-300x169.png","type":"image\/png"}],"author":"Jo\u00e3o Lucas Franca","twitter_card":"summary_large_image","twitter_misc":{"Escrito por":"Jo\u00e3o Lucas Franca","Tiempo de lectura":"2 minutos"},"schema":{"@context":"https:\/\/schema.org","@graph":[{"@type":"Article","@id":"https:\/\/centrosabia.org.br\/es\/2026\/06\/29\/la-caatinga-le-habla-al-mundo-cantos-del-sabia\/#article","isPartOf":{"@id":"https:\/\/centrosabia.org.br\/es\/2026\/06\/29\/la-caatinga-le-habla-al-mundo-cantos-del-sabia\/"},"author":{"name":"Jo\u00e3o Lucas Franca","@id":"https:\/\/centrosabia.org.br\/es\/#\/schema\/person\/9baeb335365a2eb7c4fb3969afdc80a3"},"headline":"La Caatinga le habla al mundo &#8211; Cantos del Sabi\u00e1","datePublished":"2026-06-29T11:00:00+00:00","dateModified":"2026-09-01T11:37:16+00:00","mainEntityOfPage":{"@id":"https:\/\/centrosabia.org.br\/es\/2026\/06\/29\/la-caatinga-le-habla-al-mundo-cantos-del-sabia\/"},"wordCount":320,"commentCount":0,"publisher":{"@id":"https:\/\/centrosabia.org.br\/es\/#organization"},"image":{"@id":"https:\/\/centrosabia.org.br\/es\/2026\/06\/29\/la-caatinga-le-habla-al-mundo-cantos-del-sabia\/#primaryimage"},"thumbnailUrl":"https:\/\/centrosabia.org.br\/wp-content\/uploads\/2026\/06\/wide-4.png","keywords":["Adaptaci\u00f3n al clima","Agricultura familiar","Caatinga","Cantos do Sabia","conocimientos tradicionales","Desarrollo sostenible","Jo\u00e3o Lucas Francia","Justi\u00e7a Clim\u00e1tica","Mudan\u00e7as Clim\u00e1ticas","Noreste","p\u00f3dcast","podcast cantos do sabi\u00e1","pueblos del semi\u00e1rido","resiliencia clim\u00e1tica","Semana del Clima en Caatinga","Semana del Clima en Caatinga"],"articleSection":["Noticias"],"inLanguage":"es","potentialAction":[{"@type":"CommentAction","name":"Comment","target":["https:\/\/centrosabia.org.br\/es\/2026\/06\/29\/la-caatinga-le-habla-al-mundo-cantos-del-sabia\/#respond"]}]},{"@type":"WebPage","@id":"https:\/\/centrosabia.org.br\/es\/2026\/06\/29\/la-caatinga-le-habla-al-mundo-cantos-del-sabia\/","url":"https:\/\/centrosabia.org.br\/es\/2026\/06\/29\/la-caatinga-le-habla-al-mundo-cantos-del-sabia\/","name":"La Caatinga le habla al mundo - Cantos del Sabi\u00e1 - Centro de Desenvolvimento Agroecol\u00f3gico Sabi\u00e1","isPartOf":{"@id":"https:\/\/centrosabia.org.br\/es\/#website"},"primaryImageOfPage":{"@id":"https:\/\/centrosabia.org.br\/es\/2026\/06\/29\/la-caatinga-le-habla-al-mundo-cantos-del-sabia\/#primaryimage"},"image":{"@id":"https:\/\/centrosabia.org.br\/es\/2026\/06\/29\/la-caatinga-le-habla-al-mundo-cantos-del-sabia\/#primaryimage"},"thumbnailUrl":"https:\/\/centrosabia.org.br\/wp-content\/uploads\/2026\/06\/wide-4.png","datePublished":"2026-06-29T11:00:00+00:00","dateModified":"2026-09-01T11:37:16+00:00","breadcrumb":{"@id":"https:\/\/centrosabia.org.br\/es\/2026\/06\/29\/la-caatinga-le-habla-al-mundo-cantos-del-sabia\/#breadcrumb"},"inLanguage":"es","potentialAction":[{"@type":"ReadAction","target":["https:\/\/centrosabia.org.br\/es\/2026\/06\/29\/la-caatinga-le-habla-al-mundo-cantos-del-sabia\/"]}]},{"@type":"ImageObject","inLanguage":"es","@id":"https:\/\/centrosabia.org.br\/es\/2026\/06\/29\/la-caatinga-le-habla-al-mundo-cantos-del-sabia\/#primaryimage","url":"https:\/\/centrosabia.org.br\/wp-content\/uploads\/2026\/06\/wide-4.png","contentUrl":"https:\/\/centrosabia.org.br\/wp-content\/uploads\/2026\/06\/wide-4.png","width":1280,"height":721},{"@type":"BreadcrumbList","@id":"https:\/\/centrosabia.org.br\/es\/2026\/06\/29\/la-caatinga-le-habla-al-mundo-cantos-del-sabia\/#breadcrumb","itemListElement":[{"@type":"ListItem","position":1,"name":"In\u00edcio","item":"https:\/\/centrosabia.org.br\/es\/"},{"@type":"ListItem","position":2,"name":"La Caatinga le habla al mundo &#8211; Cantos del Sabi\u00e1"}]},{"@type":"WebSite","@id":"https:\/\/centrosabia.org.br\/es\/#website","url":"https:\/\/centrosabia.org.br\/es\/","name":"Centro de Desenvolvimento Agroecol\u00f3gico Sabi\u00e1","description":"","publisher":{"@id":"https:\/\/centrosabia.org.br\/es\/#organization"},"potentialAction":[{"@type":"SearchAction","target":{"@type":"EntryPoint","urlTemplate":"https:\/\/centrosabia.org.br\/es\/?s={search_term_string}"},"query-input":{"@type":"PropertyValueSpecification","valueRequired":true,"valueName":"search_term_string"}}],"inLanguage":"es"},{"@type":"Organization","@id":"https:\/\/centrosabia.org.br\/es\/#organization","name":"Centro de Desenvolvimento Agroecol\u00f3gico Sabi\u00e1","url":"https:\/\/centrosabia.org.br\/es\/","logo":{"@type":"ImageObject","inLanguage":"es","@id":"https:\/\/centrosabia.org.br\/es\/#\/schema\/logo\/image\/","url":"https:\/\/centrosabia.org.br\/wp-content\/uploads\/2021\/10\/logo.png","contentUrl":"https:\/\/centrosabia.org.br\/wp-content\/uploads\/2021\/10\/logo.png","width":174,"height":84,"caption":"Centro de Desenvolvimento Agroecol\u00f3gico Sabi\u00e1"},"image":{"@id":"https:\/\/centrosabia.org.br\/es\/#\/schema\/logo\/image\/"}},{"@type":"Person","@id":"https:\/\/centrosabia.org.br\/es\/#\/schema\/person\/9baeb335365a2eb7c4fb3969afdc80a3","name":"Jo\u00e3o Lucas Franca","image":{"@type":"ImageObject","inLanguage":"es","@id":"https:\/\/secure.gravatar.com\/avatar\/a9a4ada6acce9403e8d9f7c681781ab742fc465732a5eb26e375a62444c23bab?s=96&d=mm&r=g","url":"https:\/\/secure.gravatar.com\/avatar\/a9a4ada6acce9403e8d9f7c681781ab742fc465732a5eb26e375a62444c23bab?s=96&d=mm&r=g","contentUrl":"https:\/\/secure.gravatar.com\/avatar\/a9a4ada6acce9403e8d9f7c681781ab742fc465732a5eb26e375a62444c23bab?s=96&d=mm&r=g","caption":"Jo\u00e3o Lucas Franca"},"url":"https:\/\/centrosabia.org.br\/es\/author\/joao\/"}]}},"_links":{"self":[{"href":"https:\/\/centrosabia.org.br\/es\/wp-json\/wp\/v2\/posts\/33680","targetHints":{"allow":["GET"]}}],"collection":[{"href":"https:\/\/centrosabia.org.br\/es\/wp-json\/wp\/v2\/posts"}],"about":[{"href":"https:\/\/centrosabia.org.br\/es\/wp-json\/wp\/v2\/types\/post"}],"author":[{"embeddable":true,"href":"https:\/\/centrosabia.org.br\/es\/wp-json\/wp\/v2\/users\/4"}],"replies":[{"embeddable":true,"href":"https:\/\/centrosabia.org.br\/es\/wp-json\/wp\/v2\/comments?post=33680"}],"version-history":[{"count":1,"href":"https:\/\/centrosabia.org.br\/es\/wp-json\/wp\/v2\/posts\/33680\/revisions"}],"predecessor-version":[{"id":33681,"href":"https:\/\/centrosabia.org.br\/es\/wp-json\/wp\/v2\/posts\/33680\/revisions\/33681"}],"wp:featuredmedia":[{"embeddable":true,"href":"https:\/\/centrosabia.org.br\/es\/wp-json\/wp\/v2\/media\/32959"}],"wp:attachment":[{"href":"https:\/\/centrosabia.org.br\/es\/wp-json\/wp\/v2\/media?parent=33680"}],"wp:term":[{"taxonomy":"category","embeddable":true,"href":"https:\/\/centrosabia.org.br\/es\/wp-json\/wp\/v2\/categories?post=33680"},{"taxonomy":"post_tag","embeddable":true,"href":"https:\/\/centrosabia.org.br\/es\/wp-json\/wp\/v2\/tags?post=33680"}],"curies":[{"name":"wp","href":"https:\/\/api.w.org\/{rel}","templated":true}]}}