{"id":33709,"date":"2026-09-02T11:43:35","date_gmt":"2026-09-02T14:43:35","guid":{"rendered":"https:\/\/centrosabia.org.br\/2026\/09\/02\/desertificacao-justica-climatica-publicacao-do-centro-sabia-aponta-caminhos-para-enfrentar-a-crise-climatica\/"},"modified":"2026-09-02T11:47:59","modified_gmt":"2026-09-02T14:47:59","slug":"desertificacao-justica-climatica-publicacao-do-centro-sabia-aponta-caminhos-para-enfrentar-a-crise-climatica","status":"publish","type":"post","link":"https:\/\/centrosabia.org.br\/es\/2026\/09\/02\/desertificacao-justica-climatica-publicacao-do-centro-sabia-aponta-caminhos-para-enfrentar-a-crise-climatica\/","title":{"rendered":"Desertificaci\u00f3n y justicia clim\u00e1tica: una publicaci\u00f3n del Centro Sabi\u00e1 se\u00f1ala v\u00edas para hacer frente a la crisis clim\u00e1tica"},"content":{"rendered":"\n<p class=\"wp-block-paragraph\">Por <a href=\"https:\/\/www.instagram.com\/canhoto_de_ideias\/\">Darliton Silva<\/a><br\/>, comunicador del Centro Sabi\u00e1<\/p>\n\n<figure class=\"wp-block-image size-large\"><img loading=\"lazy\" decoding=\"async\" width=\"1024\" height=\"683\" src=\"https:\/\/centrosabia.org.br\/wp-content\/uploads\/2026\/09\/Foto1-Florian-Kopp-Acervo-Centro-Sabia-1024x683.jpeg\" alt=\"\" class=\"wp-image-33700\" srcset=\"https:\/\/centrosabia.org.br\/wp-content\/uploads\/2026\/09\/Foto1-Florian-Kopp-Acervo-Centro-Sabia-1024x683.jpeg 1024w, https:\/\/centrosabia.org.br\/wp-content\/uploads\/2026\/09\/Foto1-Florian-Kopp-Acervo-Centro-Sabia-300x200.jpeg 300w, https:\/\/centrosabia.org.br\/wp-content\/uploads\/2026\/09\/Foto1-Florian-Kopp-Acervo-Centro-Sabia-768x512.jpeg 768w, https:\/\/centrosabia.org.br\/wp-content\/uploads\/2026\/09\/Foto1-Florian-Kopp-Acervo-Centro-Sabia-1536x1024.jpeg 1536w, https:\/\/centrosabia.org.br\/wp-content\/uploads\/2026\/09\/Foto1-Florian-Kopp-Acervo-Centro-Sabia-2048x1365.jpeg 2048w\" sizes=\"auto, (max-width: 1024px) 100vw, 1024px\" \/><figcaption class=\"wp-element-caption\">Foto: Florian Kopp | Colecci\u00f3n del Centro Sabi\u00e1<\/figcaption><\/figure>\n\n<p class=\"wp-block-paragraph\">El Centro Sabi\u00e1 presenta este mi\u00e9rcoles, 2 de septiembre, en Gravat\u00e1, en la regi\u00f3n del Agreste de Pernambuco, una nueva publicaci\u00f3n de la serie \u00abConocimientos\u00bb: el folleto <strong><em><a href=\"https:\/\/voaflix.centrosabia.org.br\/leia\/desertificacao-justica-climatica\/\">\u00abDesertificaci\u00f3n y justicia clim\u00e1tica\u00bb<\/a><\/em><\/strong>. La presentaci\u00f3n tendr\u00e1 lugar durante el seminario estatal \u00abEl papel de la agricultura familiar ante el cambio clim\u00e1tico\u00bb, organizado por la Federaci\u00f3n de Trabajadores Rurales y Agricultores y Agricultoras Familiares del Estado de Pernambuco (FETAPE). El evento marca la conclusi\u00f3n del proyecto \u00abCada vez que doy un paso, el mundo se mueve\u00bb, una iniciativa orientada a formar a la base sindical para el debate sobre el medio ambiente y el cambio clim\u00e1tico.  <br\/><br\/>Para Ani\u00e9rica Almeida, coordinadora territorial del Centro Sabi\u00e1, el seminario tambi\u00e9n supone una oportunidad para profundizar en el debate sobre el papel de la agroecolog\u00eda ante la crisis clim\u00e1tica. \u00abPara nosotros, en el Centro Sabi\u00e1, este es un momento m\u00e1s que oportuno para debatir c\u00f3mo la agroecolog\u00eda puede contribuir de forma efectiva a los procesos de mitigaci\u00f3n y adaptaci\u00f3n al cambio clim\u00e1tico\u00bb, afirma. <br\/><br\/>Hablar del clima desde la perspectiva del Semi\u00e1rido es hablar de territorio, historia y lucha. La crisis clim\u00e1tica y las desigualdades no son fen\u00f3menos naturales inevitables, ni afectan a todo el mundo de la misma manera. Est\u00e1n relacionadas con decisiones pol\u00edticas, econ\u00f3micas y sociales que se han ido tomando con el tiempo, basadas en un modelo de desarrollo que concentra las decisiones, los recursos y las oportunidades.  <\/p>\n\n<p class=\"wp-block-paragraph\">Durante mucho tiempo, el Semi\u00e1rido brasile\u00f1o se vio atrapado en una narrativa de escasez. Faltaba lluvia, faltaba agua, faltaba futuro. Esa imagen, repetida tantas veces, ayud\u00f3 a ocultar lo esencial: el problema nunca fue solo el clima. Lo que gener\u00f3 y agrav\u00f3 las desigualdades fue una larga historia de concentraci\u00f3n de la tierra, control del agua, destrucci\u00f3n de la Caatinga, negaci\u00f3n de derechos y abandono pol\u00edtico.   <br\/><br\/>El folleto \u00abDesertificaci\u00f3n y justicia clim\u00e1tica\u00bb propone ampliar este debate, relacionando los efectos de la crisis clim\u00e1tica con las desigualdades y las estrategias desarrolladas por los pueblos y comunidades del bioma de la Caatinga para hacer frente a los retos de la desertificaci\u00f3n y el cambio clim\u00e1tico.<br\/><br\/>Esta publicaci\u00f3n es fruto de una enmienda parlamentaria del diputado federal Carlos Veras, a trav\u00e9s del Acta de Fomento de la Secretar\u00eda Nacional de Pueblos y Comunidades Tradicionales y Desarrollo Rural Sostenible, del Ministerio de Medio Ambiente y Cambio Clim\u00e1tico (SNPCT\/MMA) n.\u00ba 442002\/2024 \u2013 Portal Transferegov.br n.\u00ba 972660\/2024.<\/p>\n\n<p class=\"wp-block-paragraph\">\u00bfQuieres saber m\u00e1s sobre la publicaci\u00f3n \u00abDesertificaci\u00f3n y justicia clim\u00e1tica\u00bb? Entra en VOAflix, el archivo digital del Centro Sabi\u00e1: <a href=\"https:\/\/voaflix.centrosabia.org.br\/\"><em>voaflix.centrosabia.org.br<\/em><\/a>: <\/p>\n\n<figure class=\"wp-block-embed is-type-video is-provider-youtube wp-block-embed-youtube wp-embed-aspect-16-9 wp-has-aspect-ratio\"><div class=\"wp-block-embed__wrapper\">\n<iframe loading=\"lazy\" title=\"VOAflix - Acervo Digital do Centro Sabi\u00e1\" width=\"1290\" height=\"726\" src=\"https:\/\/www.youtube.com\/embed\/xuyC1ZlctZo?feature=oembed\" frameborder=\"0\" allow=\"accelerometer; autoplay; clipboard-write; encrypted-media; gyroscope; picture-in-picture; web-share\" referrerpolicy=\"strict-origin-when-cross-origin\" allowfullscreen><\/iframe>\n<\/div><\/figure>\n","protected":false},"excerpt":{"rendered":"","protected":false},"author":2,"featured_media":33695,"comment_status":"open","ping_status":"open","sticky":false,"template":"","format":"standard","meta":{"_acf_changed":false,"ano":0,"footnotes":""},"categories":[218],"tags":[4575,244,275,1071,3041,2045,1314,2199,4079],"class_list":["post-33709","post","type-post","status-publish","format-standard","has-post-thumbnail","hentry","category-noticias-es","tag-agroecolgoia","tag-caatinga-es","tag-centro-sabia-es","tag-desertificacao-es","tag-el-tiempo","tag-justica-climatica-es","tag-meio-ambiente-es","tag-region-semiarida-brasilena","tag-semana-del-clima-en-caatinga-es"],"blocksy_meta":{"styles_descriptor":{"styles":{"desktop":"","tablet":"","mobile":""},"google_fonts":[],"version":7}},"acf":[],"yoast_head":"<!-- This site is optimized with the Yoast SEO plugin v28.3 - https:\/\/yoast.com\/product\/yoast-seo-wordpress\/ -->\n<title>Desertificaci\u00f3n y justicia clim\u00e1tica: una publicaci\u00f3n del Centro Sabi\u00e1 se\u00f1ala v\u00edas para hacer frente a la crisis clim\u00e1tica - Centro de Desenvolvimento Agroecol\u00f3gico Sabi\u00e1<\/title>\n<meta name=\"robots\" content=\"index, follow, max-snippet:-1, max-image-preview:large, max-video-preview:-1\" \/>\n<link rel=\"canonical\" href=\"https:\/\/centrosabia.org.br\/es\/2026\/09\/02\/desertificacao-justica-climatica-publicacao-do-centro-sabia-aponta-caminhos-para-enfrentar-a-crise-climatica\/\" \/>\n<meta property=\"og:locale\" content=\"es_ES\" \/>\n<meta property=\"og:type\" content=\"article\" \/>\n<meta property=\"og:title\" content=\"Desertificaci\u00f3n y justicia clim\u00e1tica: una publicaci\u00f3n del Centro Sabi\u00e1 se\u00f1ala v\u00edas para hacer frente a la crisis clim\u00e1tica - Centro de Desenvolvimento Agroecol\u00f3gico Sabi\u00e1\" \/>\n<meta property=\"og:url\" content=\"https:\/\/centrosabia.org.br\/es\/2026\/09\/02\/desertificacao-justica-climatica-publicacao-do-centro-sabia-aponta-caminhos-para-enfrentar-a-crise-climatica\/\" \/>\n<meta property=\"og:site_name\" content=\"Centro de Desenvolvimento Agroecol\u00f3gico Sabi\u00e1\" \/>\n<meta property=\"article:published_time\" content=\"2026-09-02T14:43:35+00:00\" \/>\n<meta property=\"article:modified_time\" content=\"2026-09-02T14:47:59+00:00\" \/>\n<meta property=\"og:image\" content=\"https:\/\/centrosabia.org.br\/wp-content\/uploads\/2026\/09\/Thumb_Cartilha-Desertificacao-Justica-Climatica_VOAflix-300x169.png\" \/>\n\t<meta property=\"og:image:width\" content=\"300\" \/>\n\t<meta property=\"og:image:height\" content=\"169\" \/>\n\t<meta property=\"og:image:type\" content=\"image\/png\" \/>\n<meta name=\"author\" content=\"Darliton\" \/>\n<meta name=\"twitter:card\" content=\"summary_large_image\" \/>\n<meta name=\"twitter:label1\" content=\"Escrito por\" \/>\n\t<meta name=\"twitter:data1\" content=\"Darliton\" \/>\n\t<meta name=\"twitter:label2\" content=\"Tiempo de lectura\" \/>\n\t<meta name=\"twitter:data2\" content=\"2 minutos\" \/>\n<script type=\"application\/ld+json\" class=\"yoast-schema-graph\">{\"@context\":\"https:\\\/\\\/schema.org\",\"@graph\":[{\"@type\":\"Article\",\"@id\":\"https:\\\/\\\/centrosabia.org.br\\\/es\\\/2026\\\/09\\\/02\\\/desertificacao-justica-climatica-publicacao-do-centro-sabia-aponta-caminhos-para-enfrentar-a-crise-climatica\\\/#article\",\"isPartOf\":{\"@id\":\"https:\\\/\\\/centrosabia.org.br\\\/es\\\/2026\\\/09\\\/02\\\/desertificacao-justica-climatica-publicacao-do-centro-sabia-aponta-caminhos-para-enfrentar-a-crise-climatica\\\/\"},\"author\":{\"name\":\"Darliton\",\"@id\":\"https:\\\/\\\/centrosabia.org.br\\\/es\\\/#\\\/schema\\\/person\\\/7e83deaeb43644ce5b93a21b9d24c8d6\"},\"headline\":\"Desertificaci\u00f3n y justicia clim\u00e1tica: una publicaci\u00f3n del Centro Sabi\u00e1 se\u00f1ala v\u00edas para hacer frente a la crisis clim\u00e1tica\",\"datePublished\":\"2026-09-02T14:43:35+00:00\",\"dateModified\":\"2026-09-02T14:47:59+00:00\",\"mainEntityOfPage\":{\"@id\":\"https:\\\/\\\/centrosabia.org.br\\\/es\\\/2026\\\/09\\\/02\\\/desertificacao-justica-climatica-publicacao-do-centro-sabia-aponta-caminhos-para-enfrentar-a-crise-climatica\\\/\"},\"wordCount\":510,\"commentCount\":0,\"publisher\":{\"@id\":\"https:\\\/\\\/centrosabia.org.br\\\/es\\\/#organization\"},\"image\":{\"@id\":\"https:\\\/\\\/centrosabia.org.br\\\/es\\\/2026\\\/09\\\/02\\\/desertificacao-justica-climatica-publicacao-do-centro-sabia-aponta-caminhos-para-enfrentar-a-crise-climatica\\\/#primaryimage\"},\"thumbnailUrl\":\"https:\\\/\\\/centrosabia.org.br\\\/wp-content\\\/uploads\\\/2026\\\/09\\\/Thumb_Cartilha-Desertificacao-Justica-Climatica_VOAflix.png\",\"keywords\":[\"Agroecolgoia\",\"Caatinga\",\"Centro Sabia\",\"Desertifica\u00e7\u00e3o\",\"El tiempo\",\"Justi\u00e7a Clim\u00e1tica\",\"Meio Ambiente\",\"Regi\u00f3n semi\u00e1rida brasile\u00f1a\",\"Semana del Clima en Caatinga\"],\"articleSection\":[\"Noticias\"],\"inLanguage\":\"es\",\"potentialAction\":[{\"@type\":\"CommentAction\",\"name\":\"Comment\",\"target\":[\"https:\\\/\\\/centrosabia.org.br\\\/es\\\/2026\\\/09\\\/02\\\/desertificacao-justica-climatica-publicacao-do-centro-sabia-aponta-caminhos-para-enfrentar-a-crise-climatica\\\/#respond\"]}]},{\"@type\":\"WebPage\",\"@id\":\"https:\\\/\\\/centrosabia.org.br\\\/es\\\/2026\\\/09\\\/02\\\/desertificacao-justica-climatica-publicacao-do-centro-sabia-aponta-caminhos-para-enfrentar-a-crise-climatica\\\/\",\"url\":\"https:\\\/\\\/centrosabia.org.br\\\/es\\\/2026\\\/09\\\/02\\\/desertificacao-justica-climatica-publicacao-do-centro-sabia-aponta-caminhos-para-enfrentar-a-crise-climatica\\\/\",\"name\":\"Desertificaci\u00f3n y justicia clim\u00e1tica: una publicaci\u00f3n del Centro Sabi\u00e1 se\u00f1ala v\u00edas para hacer frente a la crisis clim\u00e1tica - Centro de Desenvolvimento Agroecol\u00f3gico Sabi\u00e1\",\"isPartOf\":{\"@id\":\"https:\\\/\\\/centrosabia.org.br\\\/es\\\/#website\"},\"primaryImageOfPage\":{\"@id\":\"https:\\\/\\\/centrosabia.org.br\\\/es\\\/2026\\\/09\\\/02\\\/desertificacao-justica-climatica-publicacao-do-centro-sabia-aponta-caminhos-para-enfrentar-a-crise-climatica\\\/#primaryimage\"},\"image\":{\"@id\":\"https:\\\/\\\/centrosabia.org.br\\\/es\\\/2026\\\/09\\\/02\\\/desertificacao-justica-climatica-publicacao-do-centro-sabia-aponta-caminhos-para-enfrentar-a-crise-climatica\\\/#primaryimage\"},\"thumbnailUrl\":\"https:\\\/\\\/centrosabia.org.br\\\/wp-content\\\/uploads\\\/2026\\\/09\\\/Thumb_Cartilha-Desertificacao-Justica-Climatica_VOAflix.png\",\"datePublished\":\"2026-09-02T14:43:35+00:00\",\"dateModified\":\"2026-09-02T14:47:59+00:00\",\"breadcrumb\":{\"@id\":\"https:\\\/\\\/centrosabia.org.br\\\/es\\\/2026\\\/09\\\/02\\\/desertificacao-justica-climatica-publicacao-do-centro-sabia-aponta-caminhos-para-enfrentar-a-crise-climatica\\\/#breadcrumb\"},\"inLanguage\":\"es\",\"potentialAction\":[{\"@type\":\"ReadAction\",\"target\":[\"https:\\\/\\\/centrosabia.org.br\\\/es\\\/2026\\\/09\\\/02\\\/desertificacao-justica-climatica-publicacao-do-centro-sabia-aponta-caminhos-para-enfrentar-a-crise-climatica\\\/\"]}]},{\"@type\":\"ImageObject\",\"inLanguage\":\"es\",\"@id\":\"https:\\\/\\\/centrosabia.org.br\\\/es\\\/2026\\\/09\\\/02\\\/desertificacao-justica-climatica-publicacao-do-centro-sabia-aponta-caminhos-para-enfrentar-a-crise-climatica\\\/#primaryimage\",\"url\":\"https:\\\/\\\/centrosabia.org.br\\\/wp-content\\\/uploads\\\/2026\\\/09\\\/Thumb_Cartilha-Desertificacao-Justica-Climatica_VOAflix.png\",\"contentUrl\":\"https:\\\/\\\/centrosabia.org.br\\\/wp-content\\\/uploads\\\/2026\\\/09\\\/Thumb_Cartilha-Desertificacao-Justica-Climatica_VOAflix.png\",\"width\":512,\"height\":288},{\"@type\":\"BreadcrumbList\",\"@id\":\"https:\\\/\\\/centrosabia.org.br\\\/es\\\/2026\\\/09\\\/02\\\/desertificacao-justica-climatica-publicacao-do-centro-sabia-aponta-caminhos-para-enfrentar-a-crise-climatica\\\/#breadcrumb\",\"itemListElement\":[{\"@type\":\"ListItem\",\"position\":1,\"name\":\"In\u00edcio\",\"item\":\"https:\\\/\\\/centrosabia.org.br\\\/es\\\/\"},{\"@type\":\"ListItem\",\"position\":2,\"name\":\"Desertificaci\u00f3n y justicia clim\u00e1tica: una publicaci\u00f3n del Centro Sabi\u00e1 se\u00f1ala v\u00edas para hacer frente a la crisis clim\u00e1tica\"}]},{\"@type\":\"WebSite\",\"@id\":\"https:\\\/\\\/centrosabia.org.br\\\/es\\\/#website\",\"url\":\"https:\\\/\\\/centrosabia.org.br\\\/es\\\/\",\"name\":\"Centro de Desenvolvimento Agroecol\u00f3gico Sabi\u00e1\",\"description\":\"\",\"publisher\":{\"@id\":\"https:\\\/\\\/centrosabia.org.br\\\/es\\\/#organization\"},\"potentialAction\":[{\"@type\":\"SearchAction\",\"target\":{\"@type\":\"EntryPoint\",\"urlTemplate\":\"https:\\\/\\\/centrosabia.org.br\\\/es\\\/?s={search_term_string}\"},\"query-input\":{\"@type\":\"PropertyValueSpecification\",\"valueRequired\":true,\"valueName\":\"search_term_string\"}}],\"inLanguage\":\"es\"},{\"@type\":\"Organization\",\"@id\":\"https:\\\/\\\/centrosabia.org.br\\\/es\\\/#organization\",\"name\":\"Centro de Desenvolvimento Agroecol\u00f3gico Sabi\u00e1\",\"url\":\"https:\\\/\\\/centrosabia.org.br\\\/es\\\/\",\"logo\":{\"@type\":\"ImageObject\",\"inLanguage\":\"es\",\"@id\":\"https:\\\/\\\/centrosabia.org.br\\\/es\\\/#\\\/schema\\\/logo\\\/image\\\/\",\"url\":\"https:\\\/\\\/centrosabia.org.br\\\/wp-content\\\/uploads\\\/2021\\\/10\\\/logo.png\",\"contentUrl\":\"https:\\\/\\\/centrosabia.org.br\\\/wp-content\\\/uploads\\\/2021\\\/10\\\/logo.png\",\"width\":174,\"height\":84,\"caption\":\"Centro de Desenvolvimento Agroecol\u00f3gico Sabi\u00e1\"},\"image\":{\"@id\":\"https:\\\/\\\/centrosabia.org.br\\\/es\\\/#\\\/schema\\\/logo\\\/image\\\/\"}},{\"@type\":\"Person\",\"@id\":\"https:\\\/\\\/centrosabia.org.br\\\/es\\\/#\\\/schema\\\/person\\\/7e83deaeb43644ce5b93a21b9d24c8d6\",\"name\":\"Darliton\",\"image\":{\"@type\":\"ImageObject\",\"inLanguage\":\"es\",\"@id\":\"https:\\\/\\\/secure.gravatar.com\\\/avatar\\\/abb43c9d012bc9e4677cba1d82588694a509da0a3479cb06ce66c26da27e1642?s=96&d=mm&r=g\",\"url\":\"https:\\\/\\\/secure.gravatar.com\\\/avatar\\\/abb43c9d012bc9e4677cba1d82588694a509da0a3479cb06ce66c26da27e1642?s=96&d=mm&r=g\",\"contentUrl\":\"https:\\\/\\\/secure.gravatar.com\\\/avatar\\\/abb43c9d012bc9e4677cba1d82588694a509da0a3479cb06ce66c26da27e1642?s=96&d=mm&r=g\",\"caption\":\"Darliton\"},\"description\":\"Comunicador popular, administrador, p\u00f3s-graduado em projetos sociais e pol\u00edticas p\u00fablicas, especialista media social, militante da agroecologia, conviv\u00eancia com semi\u00e1rido, direitos humanos, preserva\u00e7\u00e3o ambiental e direitos de trabalhadoras e trabalhadores.\",\"url\":\"https:\\\/\\\/centrosabia.org.br\\\/es\\\/author\\\/darliton\\\/\"}]}<\/script>\n<!-- \/ Yoast SEO plugin. -->","yoast_head_json":{"title":"Desertificaci\u00f3n y justicia clim\u00e1tica: una publicaci\u00f3n del Centro Sabi\u00e1 se\u00f1ala v\u00edas para hacer frente a la crisis clim\u00e1tica - Centro de Desenvolvimento Agroecol\u00f3gico Sabi\u00e1","robots":{"index":"index","follow":"follow","max-snippet":"max-snippet:-1","max-image-preview":"max-image-preview:large","max-video-preview":"max-video-preview:-1"},"canonical":"https:\/\/centrosabia.org.br\/es\/2026\/09\/02\/desertificacao-justica-climatica-publicacao-do-centro-sabia-aponta-caminhos-para-enfrentar-a-crise-climatica\/","og_locale":"es_ES","og_type":"article","og_title":"Desertificaci\u00f3n y justicia clim\u00e1tica: una publicaci\u00f3n del Centro Sabi\u00e1 se\u00f1ala v\u00edas para hacer frente a la crisis clim\u00e1tica - Centro de Desenvolvimento Agroecol\u00f3gico Sabi\u00e1","og_url":"https:\/\/centrosabia.org.br\/es\/2026\/09\/02\/desertificacao-justica-climatica-publicacao-do-centro-sabia-aponta-caminhos-para-enfrentar-a-crise-climatica\/","og_site_name":"Centro de Desenvolvimento Agroecol\u00f3gico Sabi\u00e1","article_published_time":"2026-09-02T14:43:35+00:00","article_modified_time":"2026-09-02T14:47:59+00:00","og_image":[{"width":300,"height":169,"url":"https:\/\/centrosabia.org.br\/wp-content\/uploads\/2026\/09\/Thumb_Cartilha-Desertificacao-Justica-Climatica_VOAflix-300x169.png","type":"image\/png"}],"author":"Darliton","twitter_card":"summary_large_image","twitter_misc":{"Escrito por":"Darliton","Tiempo de lectura":"2 minutos"},"schema":{"@context":"https:\/\/schema.org","@graph":[{"@type":"Article","@id":"https:\/\/centrosabia.org.br\/es\/2026\/09\/02\/desertificacao-justica-climatica-publicacao-do-centro-sabia-aponta-caminhos-para-enfrentar-a-crise-climatica\/#article","isPartOf":{"@id":"https:\/\/centrosabia.org.br\/es\/2026\/09\/02\/desertificacao-justica-climatica-publicacao-do-centro-sabia-aponta-caminhos-para-enfrentar-a-crise-climatica\/"},"author":{"name":"Darliton","@id":"https:\/\/centrosabia.org.br\/es\/#\/schema\/person\/7e83deaeb43644ce5b93a21b9d24c8d6"},"headline":"Desertificaci\u00f3n y justicia clim\u00e1tica: una publicaci\u00f3n del Centro Sabi\u00e1 se\u00f1ala v\u00edas para hacer frente a la crisis clim\u00e1tica","datePublished":"2026-09-02T14:43:35+00:00","dateModified":"2026-09-02T14:47:59+00:00","mainEntityOfPage":{"@id":"https:\/\/centrosabia.org.br\/es\/2026\/09\/02\/desertificacao-justica-climatica-publicacao-do-centro-sabia-aponta-caminhos-para-enfrentar-a-crise-climatica\/"},"wordCount":510,"commentCount":0,"publisher":{"@id":"https:\/\/centrosabia.org.br\/es\/#organization"},"image":{"@id":"https:\/\/centrosabia.org.br\/es\/2026\/09\/02\/desertificacao-justica-climatica-publicacao-do-centro-sabia-aponta-caminhos-para-enfrentar-a-crise-climatica\/#primaryimage"},"thumbnailUrl":"https:\/\/centrosabia.org.br\/wp-content\/uploads\/2026\/09\/Thumb_Cartilha-Desertificacao-Justica-Climatica_VOAflix.png","keywords":["Agroecolgoia","Caatinga","Centro Sabia","Desertifica\u00e7\u00e3o","El tiempo","Justi\u00e7a Clim\u00e1tica","Meio Ambiente","Regi\u00f3n semi\u00e1rida brasile\u00f1a","Semana del Clima en Caatinga"],"articleSection":["Noticias"],"inLanguage":"es","potentialAction":[{"@type":"CommentAction","name":"Comment","target":["https:\/\/centrosabia.org.br\/es\/2026\/09\/02\/desertificacao-justica-climatica-publicacao-do-centro-sabia-aponta-caminhos-para-enfrentar-a-crise-climatica\/#respond"]}]},{"@type":"WebPage","@id":"https:\/\/centrosabia.org.br\/es\/2026\/09\/02\/desertificacao-justica-climatica-publicacao-do-centro-sabia-aponta-caminhos-para-enfrentar-a-crise-climatica\/","url":"https:\/\/centrosabia.org.br\/es\/2026\/09\/02\/desertificacao-justica-climatica-publicacao-do-centro-sabia-aponta-caminhos-para-enfrentar-a-crise-climatica\/","name":"Desertificaci\u00f3n y justicia clim\u00e1tica: una publicaci\u00f3n del Centro Sabi\u00e1 se\u00f1ala v\u00edas para hacer frente a la crisis clim\u00e1tica - Centro de Desenvolvimento Agroecol\u00f3gico Sabi\u00e1","isPartOf":{"@id":"https:\/\/centrosabia.org.br\/es\/#website"},"primaryImageOfPage":{"@id":"https:\/\/centrosabia.org.br\/es\/2026\/09\/02\/desertificacao-justica-climatica-publicacao-do-centro-sabia-aponta-caminhos-para-enfrentar-a-crise-climatica\/#primaryimage"},"image":{"@id":"https:\/\/centrosabia.org.br\/es\/2026\/09\/02\/desertificacao-justica-climatica-publicacao-do-centro-sabia-aponta-caminhos-para-enfrentar-a-crise-climatica\/#primaryimage"},"thumbnailUrl":"https:\/\/centrosabia.org.br\/wp-content\/uploads\/2026\/09\/Thumb_Cartilha-Desertificacao-Justica-Climatica_VOAflix.png","datePublished":"2026-09-02T14:43:35+00:00","dateModified":"2026-09-02T14:47:59+00:00","breadcrumb":{"@id":"https:\/\/centrosabia.org.br\/es\/2026\/09\/02\/desertificacao-justica-climatica-publicacao-do-centro-sabia-aponta-caminhos-para-enfrentar-a-crise-climatica\/#breadcrumb"},"inLanguage":"es","potentialAction":[{"@type":"ReadAction","target":["https:\/\/centrosabia.org.br\/es\/2026\/09\/02\/desertificacao-justica-climatica-publicacao-do-centro-sabia-aponta-caminhos-para-enfrentar-a-crise-climatica\/"]}]},{"@type":"ImageObject","inLanguage":"es","@id":"https:\/\/centrosabia.org.br\/es\/2026\/09\/02\/desertificacao-justica-climatica-publicacao-do-centro-sabia-aponta-caminhos-para-enfrentar-a-crise-climatica\/#primaryimage","url":"https:\/\/centrosabia.org.br\/wp-content\/uploads\/2026\/09\/Thumb_Cartilha-Desertificacao-Justica-Climatica_VOAflix.png","contentUrl":"https:\/\/centrosabia.org.br\/wp-content\/uploads\/2026\/09\/Thumb_Cartilha-Desertificacao-Justica-Climatica_VOAflix.png","width":512,"height":288},{"@type":"BreadcrumbList","@id":"https:\/\/centrosabia.org.br\/es\/2026\/09\/02\/desertificacao-justica-climatica-publicacao-do-centro-sabia-aponta-caminhos-para-enfrentar-a-crise-climatica\/#breadcrumb","itemListElement":[{"@type":"ListItem","position":1,"name":"In\u00edcio","item":"https:\/\/centrosabia.org.br\/es\/"},{"@type":"ListItem","position":2,"name":"Desertificaci\u00f3n y justicia clim\u00e1tica: una publicaci\u00f3n del Centro Sabi\u00e1 se\u00f1ala v\u00edas para hacer frente a la crisis clim\u00e1tica"}]},{"@type":"WebSite","@id":"https:\/\/centrosabia.org.br\/es\/#website","url":"https:\/\/centrosabia.org.br\/es\/","name":"Centro de Desenvolvimento Agroecol\u00f3gico Sabi\u00e1","description":"","publisher":{"@id":"https:\/\/centrosabia.org.br\/es\/#organization"},"potentialAction":[{"@type":"SearchAction","target":{"@type":"EntryPoint","urlTemplate":"https:\/\/centrosabia.org.br\/es\/?s={search_term_string}"},"query-input":{"@type":"PropertyValueSpecification","valueRequired":true,"valueName":"search_term_string"}}],"inLanguage":"es"},{"@type":"Organization","@id":"https:\/\/centrosabia.org.br\/es\/#organization","name":"Centro de Desenvolvimento Agroecol\u00f3gico Sabi\u00e1","url":"https:\/\/centrosabia.org.br\/es\/","logo":{"@type":"ImageObject","inLanguage":"es","@id":"https:\/\/centrosabia.org.br\/es\/#\/schema\/logo\/image\/","url":"https:\/\/centrosabia.org.br\/wp-content\/uploads\/2021\/10\/logo.png","contentUrl":"https:\/\/centrosabia.org.br\/wp-content\/uploads\/2021\/10\/logo.png","width":174,"height":84,"caption":"Centro de Desenvolvimento Agroecol\u00f3gico Sabi\u00e1"},"image":{"@id":"https:\/\/centrosabia.org.br\/es\/#\/schema\/logo\/image\/"}},{"@type":"Person","@id":"https:\/\/centrosabia.org.br\/es\/#\/schema\/person\/7e83deaeb43644ce5b93a21b9d24c8d6","name":"Darliton","image":{"@type":"ImageObject","inLanguage":"es","@id":"https:\/\/secure.gravatar.com\/avatar\/abb43c9d012bc9e4677cba1d82588694a509da0a3479cb06ce66c26da27e1642?s=96&d=mm&r=g","url":"https:\/\/secure.gravatar.com\/avatar\/abb43c9d012bc9e4677cba1d82588694a509da0a3479cb06ce66c26da27e1642?s=96&d=mm&r=g","contentUrl":"https:\/\/secure.gravatar.com\/avatar\/abb43c9d012bc9e4677cba1d82588694a509da0a3479cb06ce66c26da27e1642?s=96&d=mm&r=g","caption":"Darliton"},"description":"Comunicador popular, administrador, p\u00f3s-graduado em projetos sociais e pol\u00edticas p\u00fablicas, especialista media social, militante da agroecologia, conviv\u00eancia com semi\u00e1rido, direitos humanos, preserva\u00e7\u00e3o ambiental e direitos de trabalhadoras e trabalhadores.","url":"https:\/\/centrosabia.org.br\/es\/author\/darliton\/"}]}},"_links":{"self":[{"href":"https:\/\/centrosabia.org.br\/es\/wp-json\/wp\/v2\/posts\/33709","targetHints":{"allow":["GET"]}}],"collection":[{"href":"https:\/\/centrosabia.org.br\/es\/wp-json\/wp\/v2\/posts"}],"about":[{"href":"https:\/\/centrosabia.org.br\/es\/wp-json\/wp\/v2\/types\/post"}],"author":[{"embeddable":true,"href":"https:\/\/centrosabia.org.br\/es\/wp-json\/wp\/v2\/users\/2"}],"replies":[{"embeddable":true,"href":"https:\/\/centrosabia.org.br\/es\/wp-json\/wp\/v2\/comments?post=33709"}],"version-history":[{"count":2,"href":"https:\/\/centrosabia.org.br\/es\/wp-json\/wp\/v2\/posts\/33709\/revisions"}],"predecessor-version":[{"id":33713,"href":"https:\/\/centrosabia.org.br\/es\/wp-json\/wp\/v2\/posts\/33709\/revisions\/33713"}],"wp:featuredmedia":[{"embeddable":true,"href":"https:\/\/centrosabia.org.br\/es\/wp-json\/wp\/v2\/media\/33695"}],"wp:attachment":[{"href":"https:\/\/centrosabia.org.br\/es\/wp-json\/wp\/v2\/media?parent=33709"}],"wp:term":[{"taxonomy":"category","embeddable":true,"href":"https:\/\/centrosabia.org.br\/es\/wp-json\/wp\/v2\/categories?post=33709"},{"taxonomy":"post_tag","embeddable":true,"href":"https:\/\/centrosabia.org.br\/es\/wp-json\/wp\/v2\/tags?post=33709"}],"curies":[{"name":"wp","href":"https:\/\/api.w.org\/{rel}","templated":true}]}}